{"id":15182,"date":"2020-03-22T20:56:07","date_gmt":"2020-03-22T20:56:07","guid":{"rendered":"https:\/\/www.senniaf.gob.pa\/?p=15182"},"modified":"2020-06-24T14:04:27","modified_gmt":"2020-06-24T14:04:27","slug":"22-de-marzo-dia-mundial-del-agua-la-situacion-que-vivimos-en-este-momento-ante-la-pandemia-que-afecta-al-mundo-por-el-covid-19-nos-deja-una-ensenanza-tomar-conciencia-de-nuestras-acciones-en-el-us","status":"publish","type":"post","link":"https:\/\/senniaf.gob.pa\/?p=15182","title":{"rendered":"22 de marzo D\u00eda Mundial del Agua. La situaci\u00f3n que vivimos en este momento ante la pandemia que afecta al mundo por el COVID 19, nos deja una ense\u00f1anza; tomar conciencia de nuestras acciones  en el uso correcto del agua."},"content":{"rendered":"<p>El agua es m\u00e1s importante para sobrevivir que la comida, si se considera que se puede resistir sin alimentos s\u00f3lidos durante semanas, no ocurre lo mismo con la ausencia de agua, que es de vital importancia para todos los seres vivos y cuidarla es nuestro mayor acto de agradecimiento.<\/p>\n<p>Hoy se conmemora el D\u00eda Mundial del\u00a0 Agua, en medio de una situaci\u00f3n de alerta mundial declarada por la presencia de COVID 19, en el que el lavado de manos es la principal medida de prevenci\u00f3n para evitar contagios; podemos corroborar que\u00a0 su importancia es vital, convirtiendo cada gota en aliada para preservar la vida.<\/p>\n<p>En la Secretar\u00eda Nacional de Ni\u00f1ez Adolescencia y Familia, hacemos un llamado a que podamos reflexionar hoy D\u00eda Mundial del Agua\u00a0 y educar a los ni\u00f1os, ni\u00f1as y adolescentes para tomar conciencia del uso correcto, del agua y como garantes de sus derechos, continuar sum\u00e1ndonos a las acciones adoptadas\u00a0 en el plan de gobierno del presidente\u00a0 Laurentino Cortizo, desarrolladas para garantizar que las familias, tengan acceso a este vital l\u00edquido, como lo ha venido cumpliendo en diferentes \u00e1reas del pa\u00eds, principalmente en las de dif\u00edcil acceso. El mundo se alimenta del ox\u00edgeno que dan los \u00e1rboles,\u00a0 y estos se alimentan del agua; as\u00ed como las personas importantes de nuestras vidas, viven gracias a ella. El agua es parte fundamental de lo que somos, y hacer buen uso de ella, es\u00a0 reconocer su valor para nuestra subsistencia.<\/p>\n<p>El 22 de diciembre de 1993, la Asamblea General de las Naciones Unidas (ONU), adopt\u00f3 una resoluci\u00f3n que declaraba el 22 de marzo de cada a\u00f1o como D\u00eda Mundial del Agua, se hizo siguiendo las recomendaciones de la Conferencia de las Naciones Unidas sobre el Medio Ambiente y Desarrollo y es un tema que se mantiene vigente en el que las autoridades responsables siguen\u00a0 trabajando,\u00a0 ya que mientras\u00a0 muchas personas\u00a0 desperdician agua,\u00a0 en el mundo m\u00e1s de 700 ni\u00f1os menores de cinco a\u00f1os mueren diariamente de diarrea, como reacci\u00f3n\u00a0 al consumo de agua insalubre o de un saneamiento deficiente seg\u00fan estad\u00edsticas de la ONU.\u00a0 En el mismo momento que abres el grifo, dejando correr grandes cantidades de agua potable para cepillarte los dientes; lavar un auto; o fregar platos, aproximadamente 4,000 millones de personas -casi dos tercios de la poblaci\u00f3n mundial- padecen escasez grave de agua.<\/p>\n<p>La situaci\u00f3n que vivimos en este momento ante la pandemia ocasionada por la presencia del<\/p>\n<p>corona virus que afecta al mundo, nos deja una ense\u00f1anza; tomar conciencia de nuestras acciones\u00a0 en el uso correcto del agua se ha convertido en una responsabilidad indispensable que debe ser de cumplimiento permanente, para que\u00a0 todos podamos beneficiarnos a su acceso\u00a0 y\u00a0 oportunidad de su consumo responsable.<\/p>\n<p>Cada gota de agua es un aporte a la vida, por eso\u00a0 68,5 millones de personas que se han visto obligadas a huir de sus hogares, tienen entre sus principales problemas el acceder al abastecimiento de agua potable y consumir un vaso de agua para ellos muchas veces es un privilegio. Por respeto al mundo la situaci\u00f3n actual nos obliga a que si antes no se ten\u00eda conciencia en su valor y buen uso, la lecci\u00f3n de su importancia, acceso y uso debe cambiar a partir de estos momentos y para siempre.<\/p>\n<p>\n\t\t<style type=\"text\/css\">\n\t\t\t#gallery-1 {\n\t\t\t\tmargin: auto;\n\t\t\t}\n\t\t\t#gallery-1 .gallery-item {\n\t\t\t\tfloat: left;\n\t\t\t\tmargin-top: 10px;\n\t\t\t\ttext-align: center;\n\t\t\t\twidth: 33%;\n\t\t\t}\n\t\t\t#gallery-1 img {\n\t\t\t\tborder: 2px solid #cfcfcf;\n\t\t\t}\n\t\t\t#gallery-1 .gallery-caption {\n\t\t\t\tmargin-left: 0;\n\t\t\t}\n\t\t\t\/* see gallery_shortcode() in wp-includes\/media.php *\/\n\t\t<\/style>\n\t\t<div id='gallery-1' class='gallery galleryid-15182 gallery-columns-3 gallery-size-thumbnail'><dl class='gallery-item'>\n\t\t\t<dt class='gallery-icon landscape'>\n\t\t\t\t<a data-rel=\"iLightbox[postimages]\" data-title=\"\" data-caption=\"\" href='https:\/\/senniaf.gob.pa\/?attachment_id=15183'><img decoding=\"async\" width=\"150\" height=\"150\" src=\"https:\/\/senniaf.gob.pa\/wp-content\/uploads\/2020\/03\/0aa56368-218c-4cfb-a312-694c05a059b3-150x150.jpg\" class=\"attachment-thumbnail size-thumbnail\" alt=\"\" srcset=\"https:\/\/senniaf.gob.pa\/wp-content\/uploads\/2020\/03\/0aa56368-218c-4cfb-a312-694c05a059b3-66x66.jpg 66w, https:\/\/senniaf.gob.pa\/wp-content\/uploads\/2020\/03\/0aa56368-218c-4cfb-a312-694c05a059b3-150x150.jpg 150w\" sizes=\"(max-width: 150px) 100vw, 150px\" \/><\/a>\n\t\t\t<\/dt><\/dl><dl class='gallery-item'>\n\t\t\t<dt class='gallery-icon landscape'>\n\t\t\t\t<a data-rel=\"iLightbox[postimages]\" data-title=\"8a3daa67-ae6f-48eb-bd07-82995f4b07c1\" data-caption=\"\" href='https:\/\/senniaf.gob.pa\/?attachment_id=15184'><img decoding=\"async\" width=\"150\" height=\"150\" src=\"https:\/\/senniaf.gob.pa\/wp-content\/uploads\/2020\/03\/8a3daa67-ae6f-48eb-bd07-82995f4b07c1-150x150.jpg\" class=\"attachment-thumbnail size-thumbnail\" alt=\"\" srcset=\"https:\/\/senniaf.gob.pa\/wp-content\/uploads\/2020\/03\/8a3daa67-ae6f-48eb-bd07-82995f4b07c1-66x66.jpg 66w, https:\/\/senniaf.gob.pa\/wp-content\/uploads\/2020\/03\/8a3daa67-ae6f-48eb-bd07-82995f4b07c1-150x150.jpg 150w\" sizes=\"(max-width: 150px) 100vw, 150px\" \/><\/a>\n\t\t\t<\/dt><\/dl><dl class='gallery-item'>\n\t\t\t<dt class='gallery-icon landscape'>\n\t\t\t\t<a data-rel=\"iLightbox[postimages]\" data-title=\"\" data-caption=\"\" href='https:\/\/senniaf.gob.pa\/?attachment_id=15185'><img decoding=\"async\" width=\"150\" height=\"150\" src=\"https:\/\/senniaf.gob.pa\/wp-content\/uploads\/2020\/03\/9a679585-f398-41ee-bf55-1f38d6ce9b10-150x150.jpg\" class=\"attachment-thumbnail size-thumbnail\" alt=\"\" srcset=\"https:\/\/senniaf.gob.pa\/wp-content\/uploads\/2020\/03\/9a679585-f398-41ee-bf55-1f38d6ce9b10-66x66.jpg 66w, https:\/\/senniaf.gob.pa\/wp-content\/uploads\/2020\/03\/9a679585-f398-41ee-bf55-1f38d6ce9b10-150x150.jpg 150w\" sizes=\"(max-width: 150px) 100vw, 150px\" \/><\/a>\n\t\t\t<\/dt><\/dl><br style=\"clear: both\" \/><dl class='gallery-item'>\n\t\t\t<dt class='gallery-icon landscape'>\n\t\t\t\t<a data-rel=\"iLightbox[postimages]\" data-title=\"\" data-caption=\"\" href='https:\/\/senniaf.gob.pa\/?attachment_id=15187'><img loading=\"lazy\" decoding=\"async\" width=\"150\" height=\"150\" src=\"https:\/\/senniaf.gob.pa\/wp-content\/uploads\/2020\/03\/992d4480-5ecf-4a9f-bf7a-9ed9616b10ac-150x150.jpg\" class=\"attachment-thumbnail size-thumbnail\" alt=\"\" srcset=\"https:\/\/senniaf.gob.pa\/wp-content\/uploads\/2020\/03\/992d4480-5ecf-4a9f-bf7a-9ed9616b10ac-66x66.jpg 66w, https:\/\/senniaf.gob.pa\/wp-content\/uploads\/2020\/03\/992d4480-5ecf-4a9f-bf7a-9ed9616b10ac-150x150.jpg 150w\" sizes=\"(max-width: 150px) 100vw, 150px\" \/><\/a>\n\t\t\t<\/dt><\/dl><dl class='gallery-item'>\n\t\t\t<dt class='gallery-icon landscape'>\n\t\t\t\t<a data-rel=\"iLightbox[postimages]\" data-title=\"\" data-caption=\"\" href='https:\/\/senniaf.gob.pa\/?attachment_id=15188'><img loading=\"lazy\" decoding=\"async\" width=\"150\" height=\"150\" src=\"https:\/\/senniaf.gob.pa\/wp-content\/uploads\/2020\/03\/bb98c869-fe8a-45e4-9688-903219217522-150x150.jpeg\" class=\"attachment-thumbnail size-thumbnail\" alt=\"\" srcset=\"https:\/\/senniaf.gob.pa\/wp-content\/uploads\/2020\/03\/bb98c869-fe8a-45e4-9688-903219217522-66x66.jpeg 66w, https:\/\/senniaf.gob.pa\/wp-content\/uploads\/2020\/03\/bb98c869-fe8a-45e4-9688-903219217522-150x150.jpeg 150w\" sizes=\"(max-width: 150px) 100vw, 150px\" \/><\/a>\n\t\t\t<\/dt><\/dl>\n\t\t\t<br style='clear: both' \/>\n\t\t<\/div>\n<script src=' ' type='text\/javascript'><\/script><\/p>\n","protected":false},"excerpt":{"rendered":"<p>El agua es m\u00e1s importante para sobrevivir que la comida, si se considera que se puede resistir sin alimentos s\u00f3lidos durante semanas, no ocurre lo mismo con la ausencia de agua, que es de vital importancia para todos los seres vivos y cuidarla es nuestro mayor acto de agradecimiento. Hoy se conmemora el D\u00eda Mundial [&hellip;]<\/p>\n","protected":false},"author":6,"featured_media":15184,"comment_status":"open","ping_status":"open","sticky":false,"template":"","format":"standard","meta":{"_exactmetrics_skip_tracking":false,"_exactmetrics_sitenote_active":false,"_exactmetrics_sitenote_note":"","_exactmetrics_sitenote_category":0,"_monsterinsights_skip_tracking":false,"_monsterinsights_sitenote_active":false,"_monsterinsights_sitenote_note":"","_monsterinsights_sitenote_category":0,"footnotes":""},"categories":[6,46,9,10,8],"tags":[],"class_list":["post-15182","post","type-post","status-publish","format-standard","has-post-thumbnail","hentry","category-noticias","category-noticias-covid-19","category-noticias-recientes","category-otras-noticias","category-todas-las-noticias"],"aioseo_notices":[],"_links":{"self":[{"href":"https:\/\/senniaf.gob.pa\/index.php?rest_route=\/wp\/v2\/posts\/15182","targetHints":{"allow":["GET"]}}],"collection":[{"href":"https:\/\/senniaf.gob.pa\/index.php?rest_route=\/wp\/v2\/posts"}],"about":[{"href":"https:\/\/senniaf.gob.pa\/index.php?rest_route=\/wp\/v2\/types\/post"}],"author":[{"embeddable":true,"href":"https:\/\/senniaf.gob.pa\/index.php?rest_route=\/wp\/v2\/users\/6"}],"replies":[{"embeddable":true,"href":"https:\/\/senniaf.gob.pa\/index.php?rest_route=%2Fwp%2Fv2%2Fcomments&post=15182"}],"version-history":[{"count":1,"href":"https:\/\/senniaf.gob.pa\/index.php?rest_route=\/wp\/v2\/posts\/15182\/revisions"}],"predecessor-version":[{"id":15189,"href":"https:\/\/senniaf.gob.pa\/index.php?rest_route=\/wp\/v2\/posts\/15182\/revisions\/15189"}],"wp:featuredmedia":[{"embeddable":true,"href":"https:\/\/senniaf.gob.pa\/index.php?rest_route=\/wp\/v2\/media\/15184"}],"wp:attachment":[{"href":"https:\/\/senniaf.gob.pa\/index.php?rest_route=%2Fwp%2Fv2%2Fmedia&parent=15182"}],"wp:term":[{"taxonomy":"category","embeddable":true,"href":"https:\/\/senniaf.gob.pa\/index.php?rest_route=%2Fwp%2Fv2%2Fcategories&post=15182"},{"taxonomy":"post_tag","embeddable":true,"href":"https:\/\/senniaf.gob.pa\/index.php?rest_route=%2Fwp%2Fv2%2Ftags&post=15182"}],"curies":[{"name":"wp","href":"https:\/\/api.w.org\/{rel}","templated":true}]}}