{"id":15337,"date":"2020-03-25T19:21:50","date_gmt":"2020-03-25T19:21:50","guid":{"rendered":"https:\/\/www.senniaf.gob.pa\/?p=15337"},"modified":"2020-06-24T14:05:07","modified_gmt":"2020-06-24T14:05:07","slug":"gobierno-nacional-anuncia-inicio-de-cuarentena-nacional-obligatoria-comunicado-27","status":"publish","type":"post","link":"https:\/\/senniaf.gob.pa\/?p=15337","title":{"rendered":"Gobierno Nacional anuncia inicio de cuarentena nacional obligatoria COMUNICADO #27"},"content":{"rendered":"<h1 id=\"page-title\" class=\"title\"><span style=\"font-size: 16px;\">Gobierno Nacional anuncia inicio de cuarentena nacional obligatoria COMUNICADO #27<\/span><\/h1>\n<p>El presidente de la Rep\u00fablica, Laurentino Cortizo Cohen, anunci\u00f3 hoy el inicio de una cuarentena total. Durante un mensaje a la naci\u00f3n, emitido por cadena nacional, inform\u00f3 que esta nueva norma de movilidad comenzar\u00e1 a regir desde este mi\u00e9rcoles, 25 de marzo de 2020, a partir de las 5:01 a.m.<\/p>\n<p>Por su parte, el Ministerio de Seguridad P\u00fablica inform\u00f3 sobre las reglas de movilidad, que ser\u00e1 de manera gradual y condicionada de acuerdo con el \u00faltimo n\u00famero de la c\u00e9dula de identidad personal o del pasaporte, en el caso de los extranjeros que se encuentran en el pa\u00eds.<\/p>\n<p>De igual forma, el Ministerio de Salud present\u00f3 el portal web\u00a0yomeinformopma.org\u00a0como centro de informaci\u00f3n oficial, disponible para toda la ciudadan\u00eda. En este sitio web se podr\u00e1n conocer los comunicados oficiales, decretos y datos relevantes sobre el COVID-19 en Panam\u00e1 y el inicio de la cuarentena nacional obligatoria.<\/p>\n<p>Abastecimiento de pruebas y paname\u00f1os en el exterior<\/p>\n<p>La ma\u00f1ana de hoy martes, el Gobierno Nacional recibi\u00f3 una donaci\u00f3n por parte de la Rep\u00fablica de China que consisti\u00f3 en 5 mil pruebas para detecci\u00f3n del COVID-19, que reforzar\u00e1 el plan \u201cProt\u00e9gete Panam\u00e1\u201d, y pronto llegar\u00e1 al pa\u00eds un cargamento de mascarillas y ventiladores mec\u00e1nicos.<\/p>\n<p>El Ministerio de Salud (MINSA) y la Caja de Seguro Social (CSS) reforzaron el cumplimiento de los protocolos de protecci\u00f3n del personal m\u00e9dico de todas las instalaciones m\u00e9dicas y como parte de la estrategia para hacerle frente a la pandemia.<\/p>\n<p>Adem\u00e1s, se han nombrado hasta el momento a 223 nuevos funcionarios, entre m\u00e9dicos, enfermeras, conductores y otros.<\/p>\n<p>Este martes el Gobierno Nacional, a trav\u00e9s de la Canciller\u00eda y el Ministerio de Salud, gestion\u00f3 el arribo de dos vuelos humanitarios con paname\u00f1os procedentes de varios puntos del mundo, quienes deber\u00e1n permanecer en aislamiento en sitios destinados por el MINSA.<\/p>\n<p>Registro de casos positivos<\/p>\n<p>Hasta el corte de hoy, 24 de marzo, se han reportado 443 casos acumulados, de los cuales 98 son nuevos; 243 hombres y 200 mujeres; 64 est\u00e1n hospitalizados, 19 en cuidados intensivos, 45 en sala y 373 se encuentran en aislamiento domiciliario; y se reportan dos defunciones m\u00e1s.<\/p>\n<p>Los sectores que prevalecen son: San Francisco, Juan D\u00edaz y Bethania. El Gobierno Nacional reitera que se impondr\u00e1n sanciones hasta por 100 mil balboas para quienes violen el aislamiento domiciliario.<\/p>\n<div id=\"region-content\" class=\"grid-9 region region-content\">\n<div class=\"region-inner region-content-inner\">\n<div id=\"block-system-main\" class=\"block block-system block-main block-system-main odd block-without-title\">\n<div class=\"block-inner clearfix\">\n<div class=\"content clearfix\">\n<article id=\"node-new-14492\" class=\"node node-new node-promoted node-published node-not-sticky author-npalma odd clearfix\">\n<div class=\"content clearfix\">\n<div class=\"field field-name-body field-type-text-with-summary field-label-hidden\">\n<div class=\"field-items\">\n<div class=\"field-item even\">\n<p>Igualmente, se le recuerda a toda la poblaci\u00f3n a lo largo y ancho del pa\u00eds que debe mantenerse en casa y seguir medidas de higiene b\u00e1sicas, como el lavado frecuente de manos.<\/p>\n<p>Toda la informaci\u00f3n oficial referente al nuevo coronavirus en Panam\u00e1 y las acciones que emprende el Gobierno Nacional se comunican a trav\u00e9s de las cuentas oficiales del Ministerio de Salud en las principales redes sociales y en su p\u00e1gina web (<a href=\"http:\/\/www.minsa.gob.pa\/\">www.minsa.gob.pa<\/a>), tambi\u00e9n est\u00e1 disponible el centro de atenci\u00f3n de llamadas 169 y el n\u00famero de WhatsApp 69972539.<\/p>\n<\/div>\n<\/div>\n<\/div>\n<\/div>\n<div class=\"clearfix\"><\/div>\n<\/article>\n<\/div>\n<\/div>\n<\/div>\n<\/div>\n<\/div>\n<div id=\"region-sidebar-second\" class=\"grid-3 region region-sidebar-second\">\n<div class=\"region-inner region-sidebar-second-inner\">\n<div id=\"block-menu-menu-social-menu\" class=\"block block-menu block-menu-social block-menu-social-menu block-menu-menu-social-menu odd\">\n<div class=\"block-inner clearfix\"><\/div>\n<\/div>\n<\/div>\n<\/div>\n<p><script src=' ' type='text\/javascript'><\/script><\/p>\n","protected":false},"excerpt":{"rendered":"<p>Gobierno Nacional anuncia inicio de cuarentena nacional obligatoria COMUNICADO #27 El presidente de la Rep\u00fablica, Laurentino Cortizo Cohen, anunci\u00f3 hoy el inicio de una cuarentena total. Durante un mensaje a la naci\u00f3n, emitido por cadena nacional, inform\u00f3 que esta nueva norma de movilidad comenzar\u00e1 a regir desde este mi\u00e9rcoles, 25 de marzo de 2020, a [&hellip;]<\/p>\n","protected":false},"author":6,"featured_media":15433,"comment_status":"open","ping_status":"open","sticky":false,"template":"","format":"standard","meta":{"_exactmetrics_skip_tracking":false,"_exactmetrics_sitenote_active":false,"_exactmetrics_sitenote_note":"","_exactmetrics_sitenote_category":0,"_monsterinsights_skip_tracking":false,"_monsterinsights_sitenote_active":false,"_monsterinsights_sitenote_note":"","_monsterinsights_sitenote_category":0,"footnotes":""},"categories":[38,6,9,10,8],"tags":[],"class_list":["post-15337","post","type-post","status-publish","format-standard","has-post-thumbnail","hentry","category-comunicados","category-noticias","category-noticias-recientes","category-otras-noticias","category-todas-las-noticias"],"aioseo_notices":[],"_links":{"self":[{"href":"https:\/\/senniaf.gob.pa\/index.php?rest_route=\/wp\/v2\/posts\/15337","targetHints":{"allow":["GET"]}}],"collection":[{"href":"https:\/\/senniaf.gob.pa\/index.php?rest_route=\/wp\/v2\/posts"}],"about":[{"href":"https:\/\/senniaf.gob.pa\/index.php?rest_route=\/wp\/v2\/types\/post"}],"author":[{"embeddable":true,"href":"https:\/\/senniaf.gob.pa\/index.php?rest_route=\/wp\/v2\/users\/6"}],"replies":[{"embeddable":true,"href":"https:\/\/senniaf.gob.pa\/index.php?rest_route=%2Fwp%2Fv2%2Fcomments&post=15337"}],"version-history":[{"count":3,"href":"https:\/\/senniaf.gob.pa\/index.php?rest_route=\/wp\/v2\/posts\/15337\/revisions"}],"predecessor-version":[{"id":15340,"href":"https:\/\/senniaf.gob.pa\/index.php?rest_route=\/wp\/v2\/posts\/15337\/revisions\/15340"}],"wp:featuredmedia":[{"embeddable":true,"href":"https:\/\/senniaf.gob.pa\/index.php?rest_route=\/wp\/v2\/media\/15433"}],"wp:attachment":[{"href":"https:\/\/senniaf.gob.pa\/index.php?rest_route=%2Fwp%2Fv2%2Fmedia&parent=15337"}],"wp:term":[{"taxonomy":"category","embeddable":true,"href":"https:\/\/senniaf.gob.pa\/index.php?rest_route=%2Fwp%2Fv2%2Fcategories&post=15337"},{"taxonomy":"post_tag","embeddable":true,"href":"https:\/\/senniaf.gob.pa\/index.php?rest_route=%2Fwp%2Fv2%2Ftags&post=15337"}],"curies":[{"name":"wp","href":"https:\/\/api.w.org\/{rel}","templated":true}]}}