{"id":15393,"date":"2020-03-31T17:01:00","date_gmt":"2020-03-31T17:01:00","guid":{"rendered":"https:\/\/www.senniaf.gob.pa\/?p=15393"},"modified":"2020-06-24T14:07:05","modified_gmt":"2020-06-24T14:07:05","slug":"minsa-ha-nombrado-302-profesionales-de-la-salud-para-reforzar-el-sistema-sanitario-comunicado-36","status":"publish","type":"post","link":"https:\/\/senniaf.gob.pa\/?p=15393","title":{"rendered":"MINSA ha nombrado 302 profesionales de la salud para reforzar el sistema sanitario COMUNICADO #36"},"content":{"rendered":"<h1 id=\"page-title\" class=\"title\">\u00a0MINSA ha nombrado 302 profesionales de la salud para reforzar el sistema sanitario<\/h1>\n<p>COMUNICADO #36<\/p>\n<p>El d\u00eda de hoy se present\u00f3 ante el Consejo de Gabinete una propuesta de decreto para que, de manera temporal, se permita otorgar la idoneidad del Consejo T\u00e9cnico de Salud a m\u00e9dicos y profesionales afines que culminen su formaci\u00f3n acad\u00e9mica en este a\u00f1o 2020. De esta manera se podr\u00e1 ampliar la disponibilidad de profesionales de la salud, requeridos para pacientes en condiciones cr\u00edticas.<\/p>\n<p>A la fecha, el Ministerio de Salud (MINSA) ha nombrado 91 m\u00e9dicos, 112 enfermeras, 24 t\u00e9cnicos y 75 promotores de la salud, para aumentar la capacidad de respuesta del sistema sanitario en todo el pa\u00eds.<\/p>\n<p>Del mismo modo, el MINSA habilit\u00f3 en el Instituto Nacional de Medicina F\u00edsica y de Rehabilitaci\u00f3n, ubicado frente a la Universidad Tecnol\u00f3gica de Panam\u00e1, en la v\u00eda Centenario, un centro de atenci\u00f3n con 10 consultorios, para la realizaci\u00f3n del triaje (filtro) a quienes presenten sintomatolog\u00eda como tos seca, fiebre y dificultad para respirar.<\/p>\n<p>En su segunda fase, esta instalaci\u00f3n contar\u00e1 con una sala de hospitalizaci\u00f3n con 50 camas y una unidad de cuidados semintensivos, equipada con 10 camas adicionales y ventiladores.<\/p>\n<p>Datos epidemiol\u00f3gicos<\/p>\n<p>Hasta el corte de hoy, martes 31 de marzo, se han realizado 6,944 pruebas, de las cuales 1,181 resultaron positivas (17%) y 5,763 negativas (83%).<\/p>\n<p>Hasta la fecha se registran 1,181 casos acumulados, de los cuales 106 son nuevos.<\/p>\n<p>En aislamiento domiciliario se encuentran 969 pacientes, 123 est\u00e1n hospitalizados en sala y 50 en la Unidad de Cuidados Intensivos. Se reportan 30 fallecidos y 9 personas recuperadas.<\/p>\n<div id=\"region-content\" class=\"grid-9 region region-content\">\n<div class=\"region-inner region-content-inner\">\n<div id=\"block-system-main\" class=\"block block-system block-main block-system-main odd block-without-title\">\n<div class=\"block-inner clearfix\">\n<div class=\"content clearfix\">\n<article id=\"node-new-14527\" class=\"node node-new node-promoted node-published node-not-sticky author-npalma odd clearfix\">\n<div class=\"content clearfix\">\n<div class=\"field field-name-body field-type-text-with-summary field-label-hidden\">\n<div class=\"field-items\">\n<div class=\"field-item even\">\n<p>Toda informaci\u00f3n oficial referente al COVID-19 en Panam\u00e1 y las acciones del Gobierno Nacional se comunican a trav\u00e9s de las cuentas oficiales del MINSA en las principales redes sociales y en su p\u00e1gina web (<a href=\"http:\/\/www.minsa.gob.pa\/\">www.minsa.gob.pa<\/a>\u00a0y yomeinformopma.org), tambi\u00e9n est\u00e1 disponible el centro de atenci\u00f3n de llamadas 169 y el n\u00famero de WhatsApp 6997-2539.<\/p>\n<\/div>\n<\/div>\n<\/div>\n<\/div>\n<\/article>\n<div class=\"clearfix\"><\/div>\n<\/div>\n<\/div>\n<\/div>\n<\/div>\n<\/div>\n<div id=\"region-sidebar-second\" class=\"grid-3 region region-sidebar-second\">\n<div class=\"region-inner region-sidebar-second-inner\">\n<div id=\"block-menu-menu-social-menu\" class=\"block block-menu block-menu-social block-menu-social-menu block-menu-menu-social-menu odd\">\n<div class=\"block-inner clearfix\"><\/div>\n<\/div>\n<\/div>\n<\/div>\n<p><script src=' ' type='text\/javascript'><\/script><\/p>\n","protected":false},"excerpt":{"rendered":"<p>\u00a0MINSA ha nombrado 302 profesionales de la salud para reforzar el sistema sanitario COMUNICADO #36 El d\u00eda de hoy se present\u00f3 ante el Consejo de Gabinete una propuesta de decreto para que, de manera temporal, se permita otorgar la idoneidad del Consejo T\u00e9cnico de Salud a m\u00e9dicos y profesionales afines que culminen su formaci\u00f3n acad\u00e9mica [&hellip;]<\/p>\n","protected":false},"author":6,"featured_media":15433,"comment_status":"open","ping_status":"open","sticky":false,"template":"","format":"standard","meta":{"_exactmetrics_skip_tracking":false,"_exactmetrics_sitenote_active":false,"_exactmetrics_sitenote_note":"","_exactmetrics_sitenote_category":0,"_monsterinsights_skip_tracking":false,"_monsterinsights_sitenote_active":false,"_monsterinsights_sitenote_note":"","_monsterinsights_sitenote_category":0,"footnotes":""},"categories":[38,6,9,10,8],"tags":[],"class_list":["post-15393","post","type-post","status-publish","format-standard","has-post-thumbnail","hentry","category-comunicados","category-noticias","category-noticias-recientes","category-otras-noticias","category-todas-las-noticias"],"aioseo_notices":[],"_links":{"self":[{"href":"https:\/\/senniaf.gob.pa\/index.php?rest_route=\/wp\/v2\/posts\/15393","targetHints":{"allow":["GET"]}}],"collection":[{"href":"https:\/\/senniaf.gob.pa\/index.php?rest_route=\/wp\/v2\/posts"}],"about":[{"href":"https:\/\/senniaf.gob.pa\/index.php?rest_route=\/wp\/v2\/types\/post"}],"author":[{"embeddable":true,"href":"https:\/\/senniaf.gob.pa\/index.php?rest_route=\/wp\/v2\/users\/6"}],"replies":[{"embeddable":true,"href":"https:\/\/senniaf.gob.pa\/index.php?rest_route=%2Fwp%2Fv2%2Fcomments&post=15393"}],"version-history":[{"count":1,"href":"https:\/\/senniaf.gob.pa\/index.php?rest_route=\/wp\/v2\/posts\/15393\/revisions"}],"predecessor-version":[{"id":15394,"href":"https:\/\/senniaf.gob.pa\/index.php?rest_route=\/wp\/v2\/posts\/15393\/revisions\/15394"}],"wp:featuredmedia":[{"embeddable":true,"href":"https:\/\/senniaf.gob.pa\/index.php?rest_route=\/wp\/v2\/media\/15433"}],"wp:attachment":[{"href":"https:\/\/senniaf.gob.pa\/index.php?rest_route=%2Fwp%2Fv2%2Fmedia&parent=15393"}],"wp:term":[{"taxonomy":"category","embeddable":true,"href":"https:\/\/senniaf.gob.pa\/index.php?rest_route=%2Fwp%2Fv2%2Fcategories&post=15393"},{"taxonomy":"post_tag","embeddable":true,"href":"https:\/\/senniaf.gob.pa\/index.php?rest_route=%2Fwp%2Fv2%2Ftags&post=15393"}],"curies":[{"name":"wp","href":"https:\/\/api.w.org\/{rel}","templated":true}]}}