{"id":15445,"date":"2020-04-06T17:41:25","date_gmt":"2020-04-06T17:41:25","guid":{"rendered":"https:\/\/www.senniaf.gob.pa\/?p=15445"},"modified":"2020-06-24T14:14:09","modified_gmt":"2020-06-24T14:14:09","slug":"minsa-mici-y-mitradel-ordenan-cierre-de-minera-panama-comunicado-42","status":"publish","type":"post","link":"https:\/\/senniaf.gob.pa\/?p=15445","title":{"rendered":"MINSA, MICI y MITRADEL ordenan cierre de Minera Panam\u00e1 COMUNICADO #42"},"content":{"rendered":"<p>COMUNICADO #42<\/p>\n<p>El Ministerio de Salud (MINSA) informa que con el prop\u00f3sito de seguir resguardando la salud de los trabajadores de la empresa Minera Panam\u00e1, S.A., en coordinaci\u00f3n con el Ministerio de Comercio e Industrias (MICI) y el Ministerio de Trabajo y Desarrollo Laboral (MITRADEL), se orden\u00f3 el cierre temporal de la minera.<\/p>\n<p>Ante la aparici\u00f3n en la minera de cuadros de COVID-19, desde el 20 de marzo el MINSA hab\u00eda girado las primeras instrucciones para declarar un cerco epidemiol\u00f3gico y por la nueva situaci\u00f3n epidemiol\u00f3gica, se adopt\u00f3 la medida del cierre temporal, acompa\u00f1ado de recomendaciones de car\u00e1cter de salud p\u00fablica.<\/p>\n<p>Apoyo de universidades<\/p>\n<p>La ministra de Salud, Rosario Turner, visit\u00f3 este lunes la Universidad Tecnol\u00f3gica de Panam\u00e1, donde un grupo de estudiantes e ingenieros presentaron un proyecto de producci\u00f3n de 100 humificadores que podr\u00edan ser utilizados para el tratamiento de pacientes con COVID-19. En los pr\u00f3ximos d\u00edas firmar\u00e1n una carta de entendimiento para darle viabilidad a la elaboraci\u00f3n de estos equipos, y otros proyectos como la producci\u00f3n de caretas o mascarillas para personal de salud.<\/p>\n<p>Por su parte, la Universidad de Panam\u00e1 don\u00f3 al MINSA un n\u00famero considerable de cajas de mascarillas, guantes, batas quir\u00fargicas y desechables que se usar\u00e1n en los centros m\u00e9dicos.<\/p>\n<p>Informe epidemiol\u00f3gico<br \/>\nAl corte de hoy, lunes 6 de abril, se reportan 14 personas recuperadas, 112 nuevos casos positivos, para un total acumulado de 2,100 pacientes. En aislamiento domiciliario hay 1,777 personas; hospitalizadas en sala se encuentran 167; en hoteles, 359; en cuidados intensivos, 88, y se reporta hasta la fecha 55 defunciones.<\/p>\n<p>Las 42 personas que se encontraban en el Centro Emaus culminaron su aislamiento obligatorio y regresaron a sus hogares en condiciones adecuadas.<\/p>\n<p>Ampliaci\u00f3n de capacidad<\/p>\n<p>Con el objetivo de ampliar la capacidad en Col\u00f3n, la Caja de Seguro Social tramita con la Caja de Ahorros 72 camas adicionales en un hotel ubicado al lado de la Gobernaci\u00f3n de Col\u00f3n, en Espinar, inform\u00f3 el director de la instituci\u00f3n, Enrique Lau Cort\u00e9s, quien adem\u00e1s denunci\u00f3 acciones de \u201cbullying\u201d, contra la directora de la CSS en Panam\u00e1 Oeste, para quien pidi\u00f3 respeto.<\/p>\n<p>Se han habilitado las siguientes l\u00edneas telef\u00f3nicas para que los familiares puedan llamar e informarse de la condici\u00f3n de los pacientes, en horario de 12:00 mediod\u00eda a 3.00 p.m.<\/p>\n<p>\u2022 513-1202 Complejo Hospitalario Metropolitano Dr. Arnulfo Arias Madrid<br \/>\n\u2022 503-1870 Hospital Susana Jones<br \/>\n\u2022 513-1204 Hospital Irma de Lourdes Tzanetatos<br \/>\n\u2022 524-6148 Hospital de Especialidades Pedi\u00e1tricas<\/p>\n<p>Tarjetas para jubilados<\/p>\n<p>El d\u00eda de hoy, junto a los cheques de los jubilados se repartieron 14 mil tarjetas; esta semana se recibir\u00e1n 30 mil tarjetas adicionales, mientras ya se organiza el proceso de entrega.<\/p>\n<p>Se agradece a los pobladores de Son\u00e1, quienes se hicieron eco de la necesidad de los m\u00e9dicos y ayer mismo los apoyaron con un hospedaje adecuado para ellos.<\/p>\n<div id=\"region-content\" class=\"grid-9 region region-content\">\n<div class=\"region-inner region-content-inner\">\n<div id=\"block-system-main\" class=\"block block-system block-main block-system-main odd block-without-title\">\n<div class=\"block-inner clearfix\">\n<div class=\"content clearfix\">\n<article id=\"node-new-14565\" class=\"node node-new node-promoted node-published node-not-sticky author-npalma odd clearfix\">\n<div class=\"content clearfix\">\n<div class=\"field field-name-body field-type-text-with-summary field-label-hidden\">\n<div class=\"field-items\">\n<div class=\"field-item even\">\n<p>Panam\u00e1 Solidario<\/p>\n<p>El director del IFARHU, Bernardo Meneses, inform\u00f3 que se inici\u00f3 la producci\u00f3n de bolsas en David, Chiriqu\u00ed. Se lograron m\u00e1s de 4,000 bolsas del Programa Panam\u00e1 Solidario.<\/p>\n<p>Se han entregado 154 mil bonos y a partir del 13 de abril se entregar\u00e1n 4 bonos de 20 balboas, seg\u00fan lo dispone el decreto que rige el programa.<\/p>\n<p>Reporte de Seguridad<\/p>\n<p>El ministro de Seguridad P\u00fabica, Juan Pino, expres\u00f3 que en la cuarentena y ley seca se han reducido los \u00edndices de violencia y delincuencia.<\/p>\n<p>En cuanto a la cuarentena total, el domingo fue cumplida por la inmensa mayor\u00eda de los ciudadanos, pero expres\u00f3 que se mantiene la relaci\u00f3n entre las \u00e1reas con mayor violaci\u00f3n de la norma y el n\u00famero de casos positivos de COVID-19.<\/p>\n<p>Toda informaci\u00f3n oficial referente al COVID-19 en Panam\u00e1 y las acciones del Gobierno Nacional se comunican a trav\u00e9s de las cuentas oficiales del MINSA en las principales redes sociales y en su p\u00e1gina web (<a href=\"http:\/\/www.minsa.gob.pa\/\">www.minsa.gob.pa<\/a>\u00a0y yomeinformopma.org), tambi\u00e9n est\u00e1n disponibles el centro de atenci\u00f3n de llamadas 169 y el n\u00famero de WhatsApp 6997-2539.<\/p>\n<\/div>\n<\/div>\n<\/div>\n<\/div>\n<div class=\"clearfix\"><\/div>\n<\/article>\n<\/div>\n<\/div>\n<\/div>\n<\/div>\n<\/div>\n<div id=\"region-sidebar-second\" class=\"grid-3 region region-sidebar-second\">\n<div class=\"region-inner region-sidebar-second-inner\">\n<div id=\"block-menu-menu-social-menu\" class=\"block block-menu block-menu-social block-menu-social-menu block-menu-menu-social-menu odd\">\n<div class=\"block-inner clearfix\"><\/div>\n<\/div>\n<\/div>\n<\/div>\n<p>&nbsp;<script src=' ' type='text\/javascript'><\/script><\/p>\n","protected":false},"excerpt":{"rendered":"<p>COMUNICADO #42 El Ministerio de Salud (MINSA) informa que con el prop\u00f3sito de seguir resguardando la salud de los trabajadores de la empresa Minera Panam\u00e1, S.A., en coordinaci\u00f3n con el Ministerio de Comercio e Industrias (MICI) y el Ministerio de Trabajo y Desarrollo Laboral (MITRADEL), se orden\u00f3 el cierre temporal de la minera. Ante la [&hellip;]<\/p>\n","protected":false},"author":6,"featured_media":15433,"comment_status":"open","ping_status":"open","sticky":false,"template":"","format":"standard","meta":{"_exactmetrics_skip_tracking":false,"_exactmetrics_sitenote_active":false,"_exactmetrics_sitenote_note":"","_exactmetrics_sitenote_category":0,"_monsterinsights_skip_tracking":false,"_monsterinsights_sitenote_active":false,"_monsterinsights_sitenote_note":"","_monsterinsights_sitenote_category":0,"footnotes":""},"categories":[38,9,10],"tags":[],"class_list":["post-15445","post","type-post","status-publish","format-standard","has-post-thumbnail","hentry","category-comunicados","category-noticias-recientes","category-otras-noticias"],"aioseo_notices":[],"_links":{"self":[{"href":"https:\/\/senniaf.gob.pa\/index.php?rest_route=\/wp\/v2\/posts\/15445","targetHints":{"allow":["GET"]}}],"collection":[{"href":"https:\/\/senniaf.gob.pa\/index.php?rest_route=\/wp\/v2\/posts"}],"about":[{"href":"https:\/\/senniaf.gob.pa\/index.php?rest_route=\/wp\/v2\/types\/post"}],"author":[{"embeddable":true,"href":"https:\/\/senniaf.gob.pa\/index.php?rest_route=\/wp\/v2\/users\/6"}],"replies":[{"embeddable":true,"href":"https:\/\/senniaf.gob.pa\/index.php?rest_route=%2Fwp%2Fv2%2Fcomments&post=15445"}],"version-history":[{"count":1,"href":"https:\/\/senniaf.gob.pa\/index.php?rest_route=\/wp\/v2\/posts\/15445\/revisions"}],"predecessor-version":[{"id":15446,"href":"https:\/\/senniaf.gob.pa\/index.php?rest_route=\/wp\/v2\/posts\/15445\/revisions\/15446"}],"wp:featuredmedia":[{"embeddable":true,"href":"https:\/\/senniaf.gob.pa\/index.php?rest_route=\/wp\/v2\/media\/15433"}],"wp:attachment":[{"href":"https:\/\/senniaf.gob.pa\/index.php?rest_route=%2Fwp%2Fv2%2Fmedia&parent=15445"}],"wp:term":[{"taxonomy":"category","embeddable":true,"href":"https:\/\/senniaf.gob.pa\/index.php?rest_route=%2Fwp%2Fv2%2Fcategories&post=15445"},{"taxonomy":"post_tag","embeddable":true,"href":"https:\/\/senniaf.gob.pa\/index.php?rest_route=%2Fwp%2Fv2%2Ftags&post=15445"}],"curies":[{"name":"wp","href":"https:\/\/api.w.org\/{rel}","templated":true}]}}