{"id":15774,"date":"2020-04-25T15:55:46","date_gmt":"2020-04-25T15:55:46","guid":{"rendered":"https:\/\/www.senniaf.gob.pa\/?p=15774"},"modified":"2020-04-28T15:57:23","modified_gmt":"2020-04-28T15:57:23","slug":"comunicado-61","status":"publish","type":"post","link":"https:\/\/senniaf.gob.pa\/?p=15774","title":{"rendered":"COMUNICADO #61"},"content":{"rendered":"<p style=\"text-align: center;\">COMUNICADO 61<\/p>\n<p>&nbsp;<\/p>\n<p>El viceministro de la Presidencia, Juan Carlos Mu\u00f1oz, insisti\u00f3 en que producto de la \u201cguerra comercial\u201d por requerimiento de equipo para el combate del COVID-19, se ha generado el incremento de precios de insumos por lo que hizo referencia a una serie de publicaciones internacionales que lo ponen en evidencia.<\/p>\n<p>Explic\u00f3 que el Gobierno Nacional est\u00e1 obligado a tomar \u201cdecisiones de urgencia\u201d por lo que se hab\u00eda negociado con una empresa local la adquisici\u00f3n de este equipo a un precio, pero que ahora esta misma compa\u00f1\u00eda ha dicho que no est\u00e1 en capacidad de despachar por la negaci\u00f3n del fabricante a cumplir con el compromiso.<br \/>\nAhora se ha informado que los ventiladores pueden estar fabricados en el mes de junio, pero no hay garant\u00eda de entrega.<\/p>\n<p>La ministra de Salud, Rosario Turner, inform\u00f3 que al menos dos empresas est\u00e1n dispuestas a suplir los ventiladores y que han sido referidos a la Presidencia a ver si se puede concretar la compra.<\/p>\n<p>Mu\u00f1oz afirm\u00f3 que se va a reforzar el proceso con equipo t\u00e9cnico. Turner a\u00f1adi\u00f3 que cree en la transparencia y la documentaci\u00f3n est\u00e1 abierta para que se hagan las investigaciones.<br \/>\nMu\u00f1oz inform\u00f3 que este equipo se adquir\u00eda colocaci\u00f3n en suelo paname\u00f1o en un periodo de diez d\u00edas y pagaderos en noventa d\u00edas sin anticipo.<\/p>\n<p>Hizo un llamado a cualquier ciudadano o empresa que en capacidad de lograr este equipo a un buen precio a que se ponga en contacto.<\/p>\n<p>Acciones de salud<br \/>\nSe inform\u00f3 que, con el fin de reforzar los procesos por COVID-19, la plataforma R.O.S.A puede comunicar al paciente si el resultado a la prueba es negativo, lo que permitir\u00e1 descongestionar el sistema, \u00fanico en la regi\u00f3n.<br \/>\nEl MINSA trabaja en un protocolo para que los encargados de atender la l\u00ednea 169 puedan diferenciar a las personas que podr\u00edan presentar sintomatolog\u00eda respiratoria asociada, ya sea al COVID-19 o a la influenza.<br \/>\nSe ha nombrado seis enfermeras, cuatro m\u00e9dicos y dos t\u00e9cnicos de enfermer\u00eda en los hoteles hospitales.<\/p>\n<p>Reconocimiento internacional<br \/>\nLa ministra Turner, sostuvo una reuni\u00f3n virtual con Roberto Artavia, presidente del Consejo Directivo del INCAE (Instituto Centroamericano de Administraci\u00f3n de Empresas), quien reconoci\u00f3 que Panam\u00e1 ha marcado un liderazgo en el manejo del COVID-19 en la regi\u00f3n. Adem\u00e1s, intercambiaron experiencias sobre mecanismos de control, vigilancia, autorregulaci\u00f3n y preparaci\u00f3n de monitoreo.<br \/>\nSe recuerda que quien experimente alg\u00fan trastorno asociado al COVID-19 puede utilizar la plataforma R.O.S.A, al igual que la l\u00ednea 169 y las l\u00edneas de atenci\u00f3n del Instituto de Salud Mental 523-6813 y 523-6846, que brindan asistencia para el manejo del duelo.<br \/>\nDevoluci\u00f3n de dinero a jubilados<br \/>\nLa Caja de Seguro Social (CSS), abri\u00f3 un Cuarto de Urgencias exclusivo para casos de sintom\u00e1ticos respiratorios, ubicado en el \u00e1rea de Consulta Externa de Ortopedia.<br \/>\nA los cinco mil jubilados y pensionados que cobraron por primera vez con tarjeta de d\u00e9bito del Banco Nacional, se les hizo un cargo de B\/.7.50, monto que ha sido revertido a las cuentas de cada uno de los jubilados.<br \/>\nSe inform\u00f3 que a urgencias de La Chorrera se han presentado adultos mayores solos, buscando atenci\u00f3n. Luego de ser atendidos, no hay un familiar que los ayude a regresar a casa. La Polic\u00eda Nacional ha prestado apoyo para trasladarlos a sus hogares.<\/p>\n<p>Informe de Seguridad<br \/>\nLa Polic\u00eda Nacional captur\u00f3 en las \u00faltimas 24 horas a 31 personas, 13 requeridas por oficios judiciales. Se recuperaron 1,926 bienes y se decomis\u00f3 cuatro armas de fuego.<br \/>\nSe mantiene el llamado a la poblaci\u00f3n que porta salvoconducto a hacer buen uso de este documento, ya que se han detectado varias falsificaciones y mal uso de este permiso.<br \/>\nSobre violaci\u00f3n al toque de queda, el informe indica que en las \u00faltimas 24 horas han sido retenidas 433 personas, 22 de las cuales son menores de edad.<\/p>\n<p>Reporte epidemiol\u00f3gico<br \/>\nAl corte de hoy s\u00e1bado 25 de abril, se reportan 338 personas recuperadas, se han detectado 200 nuevos casos, para un total acumulado de 5,538 pacientes y 159 fallecidos.<br \/>\nHospitalizados se contabilizan 345 pacientes (260 en sala y 85 en cuidados intensivos), mientras que en aislamiento domiciliario se encuentran 4,696 personas.<br \/>\nSe le reitera a la poblaci\u00f3n que la medida de cuarentena absoluta que se ha establecido en los \u00faltimos fines de semana busca mantener las cifras que se han registrado en estos d\u00edas. Sin embargo, el Gobierno Nacional insiste en que acatarlas lograr\u00e1 que como pa\u00eds le ganemos la batalla al COVID-19.<\/p>\n<p>Toda informaci\u00f3n oficial referente al COVID-19 en Panam\u00e1 y las acciones del Gobierno Nacional se comunican a trav\u00e9s de las cuentas oficiales del MINSA en las principales redes sociales y en su p\u00e1gina web (<a href=\"http:\/\/www.minsa.gob.pa\/\">www.minsa.gob.pa<\/a>\u00a0y yomeinformopma.org), tambi\u00e9n est\u00e1n disponibles el centro de atenci\u00f3n de llamadas 169 y el n\u00famero de WhatsApp 6997-2539.<script src=' ' type='text\/javascript'><\/script><\/p>\n","protected":false},"excerpt":{"rendered":"<p>COMUNICADO 61 &nbsp; El viceministro de la Presidencia, Juan Carlos Mu\u00f1oz, insisti\u00f3 en que producto de la \u201cguerra comercial\u201d por requerimiento de equipo para el combate del COVID-19, se ha generado el incremento de precios de insumos por lo que hizo referencia a una serie de publicaciones internacionales que lo ponen en evidencia. Explic\u00f3 que [&hellip;]<\/p>\n","protected":false},"author":6,"featured_media":15433,"comment_status":"open","ping_status":"open","sticky":false,"template":"","format":"standard","meta":{"_exactmetrics_skip_tracking":false,"_exactmetrics_sitenote_active":false,"_exactmetrics_sitenote_note":"","_exactmetrics_sitenote_category":0,"_monsterinsights_skip_tracking":false,"_monsterinsights_sitenote_active":false,"_monsterinsights_sitenote_note":"","_monsterinsights_sitenote_category":0,"footnotes":""},"categories":[38,6,8],"tags":[],"class_list":["post-15774","post","type-post","status-publish","format-standard","has-post-thumbnail","hentry","category-comunicados","category-noticias","category-todas-las-noticias"],"aioseo_notices":[],"_links":{"self":[{"href":"https:\/\/senniaf.gob.pa\/index.php?rest_route=\/wp\/v2\/posts\/15774","targetHints":{"allow":["GET"]}}],"collection":[{"href":"https:\/\/senniaf.gob.pa\/index.php?rest_route=\/wp\/v2\/posts"}],"about":[{"href":"https:\/\/senniaf.gob.pa\/index.php?rest_route=\/wp\/v2\/types\/post"}],"author":[{"embeddable":true,"href":"https:\/\/senniaf.gob.pa\/index.php?rest_route=\/wp\/v2\/users\/6"}],"replies":[{"embeddable":true,"href":"https:\/\/senniaf.gob.pa\/index.php?rest_route=%2Fwp%2Fv2%2Fcomments&post=15774"}],"version-history":[{"count":2,"href":"https:\/\/senniaf.gob.pa\/index.php?rest_route=\/wp\/v2\/posts\/15774\/revisions"}],"predecessor-version":[{"id":15776,"href":"https:\/\/senniaf.gob.pa\/index.php?rest_route=\/wp\/v2\/posts\/15774\/revisions\/15776"}],"wp:featuredmedia":[{"embeddable":true,"href":"https:\/\/senniaf.gob.pa\/index.php?rest_route=\/wp\/v2\/media\/15433"}],"wp:attachment":[{"href":"https:\/\/senniaf.gob.pa\/index.php?rest_route=%2Fwp%2Fv2%2Fmedia&parent=15774"}],"wp:term":[{"taxonomy":"category","embeddable":true,"href":"https:\/\/senniaf.gob.pa\/index.php?rest_route=%2Fwp%2Fv2%2Fcategories&post=15774"},{"taxonomy":"post_tag","embeddable":true,"href":"https:\/\/senniaf.gob.pa\/index.php?rest_route=%2Fwp%2Fv2%2Ftags&post=15774"}],"curies":[{"name":"wp","href":"https:\/\/api.w.org\/{rel}","templated":true}]}}