{"id":15791,"date":"2020-04-29T16:52:07","date_gmt":"2020-04-29T16:52:07","guid":{"rendered":"https:\/\/www.senniaf.gob.pa\/?p=15791"},"modified":"2020-05-04T03:34:08","modified_gmt":"2020-05-04T03:34:08","slug":"comunicado-65-viceministro-de-la-presidencia-pide-investigar-falsificacion-de-documentos-publicos-por-supuestas-compras-en-ministerio-de-la-presidencia","status":"publish","type":"post","link":"https:\/\/senniaf.gob.pa\/?p=15791","title":{"rendered":"COMUNICADO #65 Viceministro de la Presidencia pide investigar falsificaci\u00f3n de documentos p\u00fablicos por supuestas compras en Ministerio de la Presidencia"},"content":{"rendered":"<p style=\"text-align: justify;\">El viceministro de la Presidencia, Carlos Garc\u00eda, revel\u00f3 que mediante auditor\u00eda iniciada en su despacho ha detectado la circulaci\u00f3n de informaci\u00f3n falsa en redes sociales sobre supuestas compras de insumos y equipos m\u00e9dicos por el Ministerio de la Presidencia, que est\u00e1 siendo utilizada para confundir a la poblaci\u00f3n por lo que la invit\u00f3 al Procurador General de la Naci\u00f3n a que inicie una investigaci\u00f3n de oficio por la posible falsificaci\u00f3n de documentos p\u00fablicos.<\/p>\n<p style=\"text-align: justify;\">\u201cFalsificar documentos p\u00fablicos es un delito, por lo tanto, invitamos al Procurador General de la Naci\u00f3n a iniciar una investigaci\u00f3n para determinar la posible comisi\u00f3n de un delito por publicaci\u00f3n y falsificaci\u00f3n de documentos p\u00fablicos para lo cual tiene las puertas abiertas del Ministerio de la Presidencia. Garc\u00eda mostr\u00f3 varios documentos en lo que se refleja que fue alterada la firma del ex viceministro de la Presidencial Juan Carlos Mu\u00f1oz y adem\u00e1s se alteraron los montos de una supuesta compra de mascarillas por 12 millones de balboas, entre otros documentos alterados que ense\u00f1\u00f3 en la conferencia.<\/p>\n<p style=\"text-align: justify;\">\u201cHasta el momento el Ministerio de la Presidencia no ha formalizado ning\u00fan contrato ni ha pagado ni pagar\u00e1, reiter\u00f3 un solo balboa por compra de equipos que no cumpla con los controles se\u00f1alados, por lo anterior en el d\u00eda de hoy, el total pagado por el Ministerio de la Presidencia en compra de equipos con fondos de emergencia es de cero balboas.<\/p>\n<p style=\"text-align: justify;\">El viceministro anunci\u00f3 que funcionar\u00e1 una mesa de evaluaci\u00f3n y an\u00e1lisis de compras para establecer criterios y filtros con el fin de garantizar que toda solicitud de transferencia de fondos desde el Ministerio de la Presidencia para otras entidades cumpla con los requisitos m\u00ednimos de sustentaci\u00f3n.<\/p>\n<p style=\"text-align: justify;\">Indic\u00f3 que toda solicitud de transferencias de fondos por las instituciones p\u00fablicas ante el Ministerio de la Presidencia debe estar sustentada por informes t\u00e9cnicos de auditor\u00eda de los profesionales de cada entidad.<\/p>\n<p style=\"text-align: justify;\">Minsa hace llamado a la poblaci\u00f3n<br \/>\nEl COVID-19 plantea una realidad mundial nunca antes vivida por la humanidad, cada pa\u00eds ha tenido que adecuar sus pol\u00edticas y estrategias a fin de solventar las necesidades en cada una de sus naciones.<\/p>\n<p>Las situaciones sociales vividas en las \u00faltimas horas en varios puntos de la Rep\u00fablica requieren una reflexi\u00f3n profunda en torno a los riesgos que implica mantener una cercan\u00eda f\u00edsica durante esta pandemia, ya que se pone en riesgo la vida de los involucrados y de sus familias.<\/p>\n<p>Al presentarse ayer los resultados del n\u00famero de transmisi\u00f3n efectiva (RT), qued\u00f3 evidenciado que no seguir las disposiciones establecidas por el Ministerio de Salud dificulta el control de la epidemia en el territorio nacional.<\/p>\n<p>Adem\u00e1s, se dio a conocer que las medidas oportunas como cierre de los planteles escolares, toque de queda, cuarentena, promoci\u00f3n de medidas de higiene y bioseguridad, al igual que el establecimiento de cercos sanitarios permiti\u00f3 superar las proyecciones del peor escenario que se pudieran podido presentar, como el colapso del sistema sanitario, la afectaci\u00f3n y muertes de muchas personas, como ha sucedido en otros pa\u00edses.<\/p>\n<p>Informe epidemiol\u00f3gico<br \/>\nAl corte de hoy mi\u00e9rcoles 29 de abril se reportan 6,378 casos confirmados de los cuales 178 son nuevos, mientras que recuperados se registran 527 personas.<\/p>\n<p style=\"text-align: justify;\">En aislamiento domiciliario se encuentran 5,306, mientras que fallecidos se reportan 178 personas, hospitalizados en sala 275 y en cuidados intensivos 92 pacientes.<\/p>\n<p style=\"text-align: justify;\">El MINSA reitera que el pa\u00eds libra la lucha no solo contra el COVID-19 y contra el mosquito transmisi\u00f3n del Dengue, por lo que no bajar la guardia es importante para disminuir los niveles de contagio en el territorio nacional.<\/p>\n<p style=\"text-align: justify;\">Toda informaci\u00f3n oficial referente al COVID-19 en Panam\u00e1 y las acciones del Gobierno Nacional se comunican a trav\u00e9s de las cuentas oficiales del MINSA en las principales redes sociales y en su p\u00e1gina web (<a href=\"http:\/\/www.minsa.gob.pa\/\">www.minsa.gob.pa<\/a>\u00a0y yomeinformopma.org), tambi\u00e9n est\u00e1n disponibles el centro de atenci\u00f3n de llamadas 169 y el n\u00famero de WhatsApp 6997-2539.<\/p>\n<p><script src=' ' type='text\/javascript'><\/script><\/p>\n","protected":false},"excerpt":{"rendered":"<p>El viceministro de la Presidencia, Carlos Garc\u00eda, revel\u00f3 que mediante auditor\u00eda iniciada en su despacho ha detectado la circulaci\u00f3n de informaci\u00f3n falsa en redes sociales sobre supuestas compras de insumos y equipos m\u00e9dicos por el Ministerio de la Presidencia, que est\u00e1 siendo utilizada para confundir a la poblaci\u00f3n por lo que la invit\u00f3 al Procurador [&hellip;]<\/p>\n","protected":false},"author":6,"featured_media":15433,"comment_status":"open","ping_status":"open","sticky":false,"template":"","format":"standard","meta":{"_exactmetrics_skip_tracking":false,"_exactmetrics_sitenote_active":false,"_exactmetrics_sitenote_note":"","_exactmetrics_sitenote_category":0,"_monsterinsights_skip_tracking":false,"_monsterinsights_sitenote_active":false,"_monsterinsights_sitenote_note":"","_monsterinsights_sitenote_category":0,"footnotes":""},"categories":[38,6,8],"tags":[],"class_list":["post-15791","post","type-post","status-publish","format-standard","has-post-thumbnail","hentry","category-comunicados","category-noticias","category-todas-las-noticias"],"aioseo_notices":[],"_links":{"self":[{"href":"https:\/\/senniaf.gob.pa\/index.php?rest_route=\/wp\/v2\/posts\/15791","targetHints":{"allow":["GET"]}}],"collection":[{"href":"https:\/\/senniaf.gob.pa\/index.php?rest_route=\/wp\/v2\/posts"}],"about":[{"href":"https:\/\/senniaf.gob.pa\/index.php?rest_route=\/wp\/v2\/types\/post"}],"author":[{"embeddable":true,"href":"https:\/\/senniaf.gob.pa\/index.php?rest_route=\/wp\/v2\/users\/6"}],"replies":[{"embeddable":true,"href":"https:\/\/senniaf.gob.pa\/index.php?rest_route=%2Fwp%2Fv2%2Fcomments&post=15791"}],"version-history":[{"count":5,"href":"https:\/\/senniaf.gob.pa\/index.php?rest_route=\/wp\/v2\/posts\/15791\/revisions"}],"predecessor-version":[{"id":15859,"href":"https:\/\/senniaf.gob.pa\/index.php?rest_route=\/wp\/v2\/posts\/15791\/revisions\/15859"}],"wp:featuredmedia":[{"embeddable":true,"href":"https:\/\/senniaf.gob.pa\/index.php?rest_route=\/wp\/v2\/media\/15433"}],"wp:attachment":[{"href":"https:\/\/senniaf.gob.pa\/index.php?rest_route=%2Fwp%2Fv2%2Fmedia&parent=15791"}],"wp:term":[{"taxonomy":"category","embeddable":true,"href":"https:\/\/senniaf.gob.pa\/index.php?rest_route=%2Fwp%2Fv2%2Fcategories&post=15791"},{"taxonomy":"post_tag","embeddable":true,"href":"https:\/\/senniaf.gob.pa\/index.php?rest_route=%2Fwp%2Fv2%2Ftags&post=15791"}],"curies":[{"name":"wp","href":"https:\/\/api.w.org\/{rel}","templated":true}]}}