{"id":15877,"date":"2020-04-30T17:20:57","date_gmt":"2020-04-30T17:20:57","guid":{"rendered":"https:\/\/www.senniaf.gob.pa\/?p=15877"},"modified":"2020-05-06T17:22:28","modified_gmt":"2020-05-06T17:22:28","slug":"comunicado-66","status":"publish","type":"post","link":"https:\/\/senniaf.gob.pa\/?p=15877","title":{"rendered":"COMUNICADO #66"},"content":{"rendered":"<p>El Ministerio de Salud (MINSA) informa que este fin de semana, 2 y 3 de mayo, ser\u00e1n de cuarentena absoluta, tal y como se ha implementado en el \u00faltimo mes. Por ello, el d\u00eda de ma\u00f1ana, 1 de mayo, se mantendr\u00e1 habilitado para que las mujeres puedan utilizar el periodo destinado a sus actividades.<\/p>\n<p>Durante la conferencia de prensa, el viceministro de la Presidencia, Carlos Garc\u00eda, inform\u00f3 de algunos comentarios mal intencionados sobre el pago de emolumentos al personal m\u00e9dico, que han sido los h\u00e9roes y hero\u00ednas en esta crisis que vive el pa\u00eds. Garc\u00eda asegur\u00f3 que se ha identificado una partida de B\/.123 millones en el Ministerio de Econom\u00eda y Finanzas para cumplir con el personal de salud, por lo cual est\u00e1n a la espera de que el MINSA y la CSS hagan la solicitud correspondiente para el traslado de la partida.<\/p>\n<p>Traslado desde Guna Yala<\/p>\n<p>Por otro lado, con el fin de brindar una mayor vigilancia y atenci\u00f3n, hoy fue trasladado desde la comarca Guna Yala un grupo de 18 personas COVID-19 positivo, quienes al llegar a la capital fueron trasladadas inmediatamente a un hotel hospital, donde pasar\u00e1n su tratamiento bajo supervisi\u00f3n m\u00e9dica.<\/p>\n<p>Adem\u00e1s, este jueves, directivos del MINSA y del nuevo Hospital Integrado Panam\u00e1 Solidario recorrieron las instalaciones de este nuevo centro hospitalario, el cual est\u00e1 habilitado para la atenci\u00f3n de pacientes COVID-19.<\/p>\n<p>Este hospital para pacientes COVID-19 positivos cuenta con 100 camas, distribuidas en 80 camas generales y 20 de intensivos. Adem\u00e1s, tendr\u00e1 la tecnolog\u00eda suficiente para el manejo de la pandemia, por lo que se espera que en los pr\u00f3ximos d\u00edas inicie operaciones.<\/p>\n<p>Experiencia Panam\u00e1 ante la OMS<\/p>\n<p>En tanto, Panam\u00e1 fue el \u00fanico pa\u00eds de Am\u00e9rica invitado por la Organizaci\u00f3n Mundial de la Salud (OMS) para exponer, junto con otros pa\u00edses miembros, sus experiencias y conocimientos en la lucha contra el COVID-19.<\/p>\n<p>Por Panam\u00e1, particip\u00f3 un equipo liderado por el viceministro, Luis Francisco Sucre, quien explic\u00f3 la evoluci\u00f3n del virus, las medidas sanitarias y los seis anillos del Plan Prot\u00e9gete Panam\u00e1. En este encuentro virtual tambi\u00e9n expusieron pa\u00edses como Qatar, Turqu\u00eda, Vietnam y But\u00e1n.<\/p>\n<p>Reporte epidemiol\u00f3gico<\/p>\n<p>Al corte del d\u00eda de hoy, jueves 30 de abril, se reportan 576 pacientes recuperados y 154 casos nuevos para un total de 6,532.<\/p>\n<p>En aislamiento domiciliario se encuentran 2,916 personas, fallecidos se reportan 188, mientras que en sala hay recluidos 282 pacientes y 86 en cuidados intensivos.<br \/>\nLa Universidad de Panam\u00e1 don\u00f3 al MINSA 5 cabinas m\u00f3viles de toma de hisopados para COVID-19 y 50 viseras protectoras para infantes de 0 a 2 a\u00f1os, insumos que servir\u00e1n para reforzar la batalla contra el COVID-19.<\/p>\n<p>CSS pide evitar cierres de calles<\/p>\n<p>El director de la CSS, Enrique Lau Cort\u00e9s, inform\u00f3 que existen evidencias de que las enzimas de paciente con dos semanas de recuperaci\u00f3n del virus logran aumentar las defensas en unas prote\u00ednas que se conocen con el nombre de inmunoglobulinas, por lo que se transfunde este plasma al enfermo y este pueda superar la crisis. El Complejo Hospitalario Metropolitano se ha convertido en pionero en Panam\u00e1 en la aplicaci\u00f3n del tratamiento.<\/p>\n<p>Lau Cort\u00e9s hizo un llamado a la conciencia ciudadana ya que debido a los cierres de calles en varias comunidades se ha imposibilitado a personal de la CSS cumplir con la entrega de medicamentos. En el caso de pacientes trasplantados, la instituci\u00f3n est\u00e1 manejando directamente las entregas porque son pacientes cuya vida depende totalmente de tomar a diario sus medicinas, explic\u00f3.<script src=' ' type='text\/javascript'><\/script><\/p>\n","protected":false},"excerpt":{"rendered":"<p>El Ministerio de Salud (MINSA) informa que este fin de semana, 2 y 3 de mayo, ser\u00e1n de cuarentena absoluta, tal y como se ha implementado en el \u00faltimo mes. Por ello, el d\u00eda de ma\u00f1ana, 1 de mayo, se mantendr\u00e1 habilitado para que las mujeres puedan utilizar el periodo destinado a sus actividades. Durante [&hellip;]<\/p>\n","protected":false},"author":6,"featured_media":15433,"comment_status":"open","ping_status":"open","sticky":false,"template":"","format":"standard","meta":{"_exactmetrics_skip_tracking":false,"_exactmetrics_sitenote_active":false,"_exactmetrics_sitenote_note":"","_exactmetrics_sitenote_category":0,"_monsterinsights_skip_tracking":false,"_monsterinsights_sitenote_active":false,"_monsterinsights_sitenote_note":"","_monsterinsights_sitenote_category":0,"footnotes":""},"categories":[38,6,8],"tags":[],"class_list":["post-15877","post","type-post","status-publish","format-standard","has-post-thumbnail","hentry","category-comunicados","category-noticias","category-todas-las-noticias"],"aioseo_notices":[],"_links":{"self":[{"href":"https:\/\/senniaf.gob.pa\/index.php?rest_route=\/wp\/v2\/posts\/15877","targetHints":{"allow":["GET"]}}],"collection":[{"href":"https:\/\/senniaf.gob.pa\/index.php?rest_route=\/wp\/v2\/posts"}],"about":[{"href":"https:\/\/senniaf.gob.pa\/index.php?rest_route=\/wp\/v2\/types\/post"}],"author":[{"embeddable":true,"href":"https:\/\/senniaf.gob.pa\/index.php?rest_route=\/wp\/v2\/users\/6"}],"replies":[{"embeddable":true,"href":"https:\/\/senniaf.gob.pa\/index.php?rest_route=%2Fwp%2Fv2%2Fcomments&post=15877"}],"version-history":[{"count":1,"href":"https:\/\/senniaf.gob.pa\/index.php?rest_route=\/wp\/v2\/posts\/15877\/revisions"}],"predecessor-version":[{"id":15878,"href":"https:\/\/senniaf.gob.pa\/index.php?rest_route=\/wp\/v2\/posts\/15877\/revisions\/15878"}],"wp:featuredmedia":[{"embeddable":true,"href":"https:\/\/senniaf.gob.pa\/index.php?rest_route=\/wp\/v2\/media\/15433"}],"wp:attachment":[{"href":"https:\/\/senniaf.gob.pa\/index.php?rest_route=%2Fwp%2Fv2%2Fmedia&parent=15877"}],"wp:term":[{"taxonomy":"category","embeddable":true,"href":"https:\/\/senniaf.gob.pa\/index.php?rest_route=%2Fwp%2Fv2%2Fcategories&post=15877"},{"taxonomy":"post_tag","embeddable":true,"href":"https:\/\/senniaf.gob.pa\/index.php?rest_route=%2Fwp%2Fv2%2Ftags&post=15877"}],"curies":[{"name":"wp","href":"https:\/\/api.w.org\/{rel}","templated":true}]}}