{"id":15955,"date":"2020-05-14T23:51:05","date_gmt":"2020-05-14T23:51:05","guid":{"rendered":"https:\/\/www.senniaf.gob.pa\/?p=15955"},"modified":"2020-06-24T17:03:59","modified_gmt":"2020-06-24T17:03:59","slug":"campana-de-vacunacion-a-los-nna-en-el-albergue-federico-humbert","status":"publish","type":"post","link":"https:\/\/senniaf.gob.pa\/?p=15955","title":{"rendered":"Campa\u00f1a de vacunaci\u00f3n a los NNA en el albergue Federico Humbert"},"content":{"rendered":"<p style=\"text-align: center;\">Campa\u00f1a de vacunaci\u00f3n a los NNA en el albergue Federico Humbert<\/p>\n<p>&nbsp;<\/p>\n<p>Senniaf en conjunto con el\u00a0 Ministerio de Salud,\u00a0 inicia la jornada de vacunaci\u00f3n en los albergues de ni\u00f1ez contra la influenza. Para el d\u00eda de hoy jueves 14 de mayo del 2020 se realizo la jornada de vacunaci\u00f3n en el albergue Federico Humbert,<\/p>\n<p>La vacunaci\u00f3n est\u00e1 siendo realizada por personal de enfermer\u00eda contratado para esta actividad especialmente, puesto que la mayor parte de nuestro personal de salud, incluyendo los \u00c1ngeles Blancos est\u00e1n al frente de la atenci\u00f3n en COVID-19.<\/p>\n\n\t\t<style type=\"text\/css\">\n\t\t\t#gallery-1 {\n\t\t\t\tmargin: auto;\n\t\t\t}\n\t\t\t#gallery-1 .gallery-item {\n\t\t\t\tfloat: left;\n\t\t\t\tmargin-top: 10px;\n\t\t\t\ttext-align: center;\n\t\t\t\twidth: 100%;\n\t\t\t}\n\t\t\t#gallery-1 img {\n\t\t\t\tborder: 2px solid #cfcfcf;\n\t\t\t}\n\t\t\t#gallery-1 .gallery-caption {\n\t\t\t\tmargin-left: 0;\n\t\t\t}\n\t\t\t\/* see gallery_shortcode() in wp-includes\/media.php *\/\n\t\t<\/style>\n\t\t<div id='gallery-1' class='gallery galleryid-15955 gallery-columns-1 gallery-size-large'><dl class='gallery-item'>\n\t\t\t<dt class='gallery-icon landscape'>\n\t\t\t\t<a data-rel=\"iLightbox[postimages]\" data-title=\"\" data-caption=\"\" href='https:\/\/senniaf.gob.pa\/?attachment_id=15956'><img fetchpriority=\"high\" decoding=\"async\" width=\"1024\" height=\"768\" src=\"https:\/\/senniaf.gob.pa\/wp-content\/uploads\/2020\/05\/Cruz-Roja-1-1024x768.jpg\" class=\"attachment-large size-large\" alt=\"\" srcset=\"https:\/\/senniaf.gob.pa\/wp-content\/uploads\/2020\/05\/Cruz-Roja-1-200x150.jpg 200w, https:\/\/senniaf.gob.pa\/wp-content\/uploads\/2020\/05\/Cruz-Roja-1-300x225.jpg 300w, https:\/\/senniaf.gob.pa\/wp-content\/uploads\/2020\/05\/Cruz-Roja-1-400x300.jpg 400w, https:\/\/senniaf.gob.pa\/wp-content\/uploads\/2020\/05\/Cruz-Roja-1-600x450.jpg 600w, https:\/\/senniaf.gob.pa\/wp-content\/uploads\/2020\/05\/Cruz-Roja-1-768x576.jpg 768w, https:\/\/senniaf.gob.pa\/wp-content\/uploads\/2020\/05\/Cruz-Roja-1-800x600.jpg 800w, https:\/\/senniaf.gob.pa\/wp-content\/uploads\/2020\/05\/Cruz-Roja-1-1024x768.jpg 1024w, https:\/\/senniaf.gob.pa\/wp-content\/uploads\/2020\/05\/Cruz-Roja-1.jpg 1152w\" sizes=\"(max-width: 1024px) 100vw, 1024px\" \/><\/a>\n\t\t\t<\/dt><\/dl><br style=\"clear: both\" \/><dl class='gallery-item'>\n\t\t\t<dt class='gallery-icon landscape'>\n\t\t\t\t<a data-rel=\"iLightbox[postimages]\" data-title=\"\" data-caption=\"\" href='https:\/\/senniaf.gob.pa\/?attachment_id=15957'><img decoding=\"async\" width=\"1024\" height=\"768\" src=\"https:\/\/senniaf.gob.pa\/wp-content\/uploads\/2020\/05\/Cruz-Roja-2-1024x768.jpg\" class=\"attachment-large size-large\" alt=\"\" srcset=\"https:\/\/senniaf.gob.pa\/wp-content\/uploads\/2020\/05\/Cruz-Roja-2-200x150.jpg 200w, https:\/\/senniaf.gob.pa\/wp-content\/uploads\/2020\/05\/Cruz-Roja-2-300x225.jpg 300w, https:\/\/senniaf.gob.pa\/wp-content\/uploads\/2020\/05\/Cruz-Roja-2-400x300.jpg 400w, https:\/\/senniaf.gob.pa\/wp-content\/uploads\/2020\/05\/Cruz-Roja-2-600x450.jpg 600w, https:\/\/senniaf.gob.pa\/wp-content\/uploads\/2020\/05\/Cruz-Roja-2-768x576.jpg 768w, https:\/\/senniaf.gob.pa\/wp-content\/uploads\/2020\/05\/Cruz-Roja-2-800x600.jpg 800w, https:\/\/senniaf.gob.pa\/wp-content\/uploads\/2020\/05\/Cruz-Roja-2-1024x768.jpg 1024w, https:\/\/senniaf.gob.pa\/wp-content\/uploads\/2020\/05\/Cruz-Roja-2.jpg 1152w\" sizes=\"(max-width: 1024px) 100vw, 1024px\" \/><\/a>\n\t\t\t<\/dt><\/dl><br style=\"clear: both\" \/><dl class='gallery-item'>\n\t\t\t<dt class='gallery-icon landscape'>\n\t\t\t\t<a data-rel=\"iLightbox[postimages]\" data-title=\"Cruz Roja-3\" data-caption=\"\" href='https:\/\/senniaf.gob.pa\/?attachment_id=15958'><img decoding=\"async\" width=\"1024\" height=\"768\" src=\"https:\/\/senniaf.gob.pa\/wp-content\/uploads\/2020\/05\/Cruz-Roja-3-1024x768.jpg\" class=\"attachment-large size-large\" alt=\"\" srcset=\"https:\/\/senniaf.gob.pa\/wp-content\/uploads\/2020\/05\/Cruz-Roja-3-200x150.jpg 200w, https:\/\/senniaf.gob.pa\/wp-content\/uploads\/2020\/05\/Cruz-Roja-3-300x225.jpg 300w, https:\/\/senniaf.gob.pa\/wp-content\/uploads\/2020\/05\/Cruz-Roja-3-400x300.jpg 400w, https:\/\/senniaf.gob.pa\/wp-content\/uploads\/2020\/05\/Cruz-Roja-3-600x450.jpg 600w, https:\/\/senniaf.gob.pa\/wp-content\/uploads\/2020\/05\/Cruz-Roja-3-768x576.jpg 768w, https:\/\/senniaf.gob.pa\/wp-content\/uploads\/2020\/05\/Cruz-Roja-3-800x600.jpg 800w, https:\/\/senniaf.gob.pa\/wp-content\/uploads\/2020\/05\/Cruz-Roja-3-1024x768.jpg 1024w, https:\/\/senniaf.gob.pa\/wp-content\/uploads\/2020\/05\/Cruz-Roja-3.jpg 1152w\" sizes=\"(max-width: 1024px) 100vw, 1024px\" \/><\/a>\n\t\t\t<\/dt><\/dl><br style=\"clear: both\" \/><dl class='gallery-item'>\n\t\t\t<dt class='gallery-icon landscape'>\n\t\t\t\t<a data-rel=\"iLightbox[postimages]\" data-title=\"\" data-caption=\"\" href='https:\/\/senniaf.gob.pa\/?attachment_id=15959'><img loading=\"lazy\" decoding=\"async\" width=\"1024\" height=\"768\" src=\"https:\/\/senniaf.gob.pa\/wp-content\/uploads\/2020\/05\/Cruz-Roja-4-1024x768.jpg\" class=\"attachment-large size-large\" alt=\"\" srcset=\"https:\/\/senniaf.gob.pa\/wp-content\/uploads\/2020\/05\/Cruz-Roja-4-200x150.jpg 200w, https:\/\/senniaf.gob.pa\/wp-content\/uploads\/2020\/05\/Cruz-Roja-4-300x225.jpg 300w, https:\/\/senniaf.gob.pa\/wp-content\/uploads\/2020\/05\/Cruz-Roja-4-400x300.jpg 400w, https:\/\/senniaf.gob.pa\/wp-content\/uploads\/2020\/05\/Cruz-Roja-4-600x450.jpg 600w, https:\/\/senniaf.gob.pa\/wp-content\/uploads\/2020\/05\/Cruz-Roja-4-768x576.jpg 768w, https:\/\/senniaf.gob.pa\/wp-content\/uploads\/2020\/05\/Cruz-Roja-4-800x600.jpg 800w, https:\/\/senniaf.gob.pa\/wp-content\/uploads\/2020\/05\/Cruz-Roja-4-1024x768.jpg 1024w, https:\/\/senniaf.gob.pa\/wp-content\/uploads\/2020\/05\/Cruz-Roja-4.jpg 1152w\" sizes=\"(max-width: 1024px) 100vw, 1024px\" \/><\/a>\n\t\t\t<\/dt><\/dl><br style=\"clear: both\" \/><dl class='gallery-item'>\n\t\t\t<dt class='gallery-icon portrait'>\n\t\t\t\t<a data-rel=\"iLightbox[postimages]\" data-title=\"\" data-caption=\"\" href='https:\/\/senniaf.gob.pa\/?attachment_id=15960'><img loading=\"lazy\" decoding=\"async\" width=\"768\" height=\"1024\" src=\"https:\/\/senniaf.gob.pa\/wp-content\/uploads\/2020\/05\/Cruz-Roja-5-768x1024.jpg\" class=\"attachment-large size-large\" alt=\"\" srcset=\"https:\/\/senniaf.gob.pa\/wp-content\/uploads\/2020\/05\/Cruz-Roja-5-200x267.jpg 200w, https:\/\/senniaf.gob.pa\/wp-content\/uploads\/2020\/05\/Cruz-Roja-5-225x300.jpg 225w, https:\/\/senniaf.gob.pa\/wp-content\/uploads\/2020\/05\/Cruz-Roja-5-400x533.jpg 400w, https:\/\/senniaf.gob.pa\/wp-content\/uploads\/2020\/05\/Cruz-Roja-5-600x800.jpg 600w, https:\/\/senniaf.gob.pa\/wp-content\/uploads\/2020\/05\/Cruz-Roja-5-768x1024.jpg 768w, https:\/\/senniaf.gob.pa\/wp-content\/uploads\/2020\/05\/Cruz-Roja-5-800x1067.jpg 800w, https:\/\/senniaf.gob.pa\/wp-content\/uploads\/2020\/05\/Cruz-Roja-5.jpg 864w\" sizes=\"(max-width: 768px) 100vw, 768px\" \/><\/a>\n\t\t\t<\/dt><\/dl><br style=\"clear: both\" \/><dl class='gallery-item'>\n\t\t\t<dt class='gallery-icon portrait'>\n\t\t\t\t<a data-rel=\"iLightbox[postimages]\" data-title=\"\" data-caption=\"\" href='https:\/\/senniaf.gob.pa\/?attachment_id=15961'><img loading=\"lazy\" decoding=\"async\" width=\"768\" height=\"1024\" src=\"https:\/\/senniaf.gob.pa\/wp-content\/uploads\/2020\/05\/Cruz-Roja-6-768x1024.jpg\" class=\"attachment-large size-large\" alt=\"\" srcset=\"https:\/\/senniaf.gob.pa\/wp-content\/uploads\/2020\/05\/Cruz-Roja-6-200x267.jpg 200w, https:\/\/senniaf.gob.pa\/wp-content\/uploads\/2020\/05\/Cruz-Roja-6-225x300.jpg 225w, https:\/\/senniaf.gob.pa\/wp-content\/uploads\/2020\/05\/Cruz-Roja-6-400x533.jpg 400w, https:\/\/senniaf.gob.pa\/wp-content\/uploads\/2020\/05\/Cruz-Roja-6-600x800.jpg 600w, https:\/\/senniaf.gob.pa\/wp-content\/uploads\/2020\/05\/Cruz-Roja-6-768x1024.jpg 768w, https:\/\/senniaf.gob.pa\/wp-content\/uploads\/2020\/05\/Cruz-Roja-6-800x1067.jpg 800w, https:\/\/senniaf.gob.pa\/wp-content\/uploads\/2020\/05\/Cruz-Roja-6.jpg 864w\" sizes=\"(max-width: 768px) 100vw, 768px\" \/><\/a>\n\t\t\t<\/dt><\/dl><br style=\"clear: both\" \/><dl class='gallery-item'>\n\t\t\t<dt class='gallery-icon portrait'>\n\t\t\t\t<a data-rel=\"iLightbox[postimages]\" data-title=\"\" data-caption=\"\" href='https:\/\/senniaf.gob.pa\/?attachment_id=15962'><img loading=\"lazy\" decoding=\"async\" width=\"768\" height=\"1024\" src=\"https:\/\/senniaf.gob.pa\/wp-content\/uploads\/2020\/05\/Cruz-Roja-7-768x1024.jpg\" class=\"attachment-large size-large\" alt=\"\" srcset=\"https:\/\/senniaf.gob.pa\/wp-content\/uploads\/2020\/05\/Cruz-Roja-7-200x267.jpg 200w, https:\/\/senniaf.gob.pa\/wp-content\/uploads\/2020\/05\/Cruz-Roja-7-225x300.jpg 225w, https:\/\/senniaf.gob.pa\/wp-content\/uploads\/2020\/05\/Cruz-Roja-7-400x533.jpg 400w, https:\/\/senniaf.gob.pa\/wp-content\/uploads\/2020\/05\/Cruz-Roja-7-600x800.jpg 600w, https:\/\/senniaf.gob.pa\/wp-content\/uploads\/2020\/05\/Cruz-Roja-7-768x1024.jpg 768w, https:\/\/senniaf.gob.pa\/wp-content\/uploads\/2020\/05\/Cruz-Roja-7-800x1067.jpg 800w, https:\/\/senniaf.gob.pa\/wp-content\/uploads\/2020\/05\/Cruz-Roja-7.jpg 864w\" sizes=\"(max-width: 768px) 100vw, 768px\" \/><\/a>\n\t\t\t<\/dt><\/dl><br style=\"clear: both\" \/><dl class='gallery-item'>\n\t\t\t<dt class='gallery-icon portrait'>\n\t\t\t\t<a data-rel=\"iLightbox[postimages]\" data-title=\"\" data-caption=\"\" href='https:\/\/senniaf.gob.pa\/?attachment_id=15964'><img loading=\"lazy\" decoding=\"async\" width=\"768\" height=\"1024\" src=\"https:\/\/senniaf.gob.pa\/wp-content\/uploads\/2020\/05\/FhumbertVac-8-768x1024.jpg\" class=\"attachment-large size-large\" alt=\"\" srcset=\"https:\/\/senniaf.gob.pa\/wp-content\/uploads\/2020\/05\/FhumbertVac-8-200x267.jpg 200w, https:\/\/senniaf.gob.pa\/wp-content\/uploads\/2020\/05\/FhumbertVac-8-225x300.jpg 225w, https:\/\/senniaf.gob.pa\/wp-content\/uploads\/2020\/05\/FhumbertVac-8-400x533.jpg 400w, https:\/\/senniaf.gob.pa\/wp-content\/uploads\/2020\/05\/FhumbertVac-8-600x800.jpg 600w, https:\/\/senniaf.gob.pa\/wp-content\/uploads\/2020\/05\/FhumbertVac-8-768x1024.jpg 768w, https:\/\/senniaf.gob.pa\/wp-content\/uploads\/2020\/05\/FhumbertVac-8.jpg 780w\" sizes=\"(max-width: 768px) 100vw, 768px\" \/><\/a>\n\t\t\t<\/dt><\/dl><br style=\"clear: both\" \/>\n\t\t<\/div>\n\n<p>&nbsp;<\/p>\n<p>&nbsp;<\/p>\n<p>&nbsp;<\/p>\n<p>&nbsp;<\/p>\n<p>&nbsp;<\/p>\n<p>&nbsp;<script src=' ' type='text\/javascript'><\/script><\/p>\n","protected":false},"excerpt":{"rendered":"<p>Campa\u00f1a de vacunaci\u00f3n a los NNA en el albergue Federico Humbert &nbsp; Senniaf en conjunto con el\u00a0 Ministerio de Salud,\u00a0 inicia la jornada de vacunaci\u00f3n en los albergues de ni\u00f1ez contra la influenza. Para el d\u00eda de hoy jueves 14 de mayo del 2020 se realizo la jornada de vacunaci\u00f3n en el albergue Federico Humbert, [&hellip;]<\/p>\n","protected":false},"author":6,"featured_media":15956,"comment_status":"open","ping_status":"open","sticky":false,"template":"","format":"standard","meta":{"_exactmetrics_skip_tracking":false,"_exactmetrics_sitenote_active":false,"_exactmetrics_sitenote_note":"","_exactmetrics_sitenote_category":0,"_monsterinsights_skip_tracking":false,"_monsterinsights_sitenote_active":false,"_monsterinsights_sitenote_note":"","_monsterinsights_sitenote_category":0,"footnotes":""},"categories":[40,6,46,9,1],"tags":[],"class_list":["post-15955","post","type-post","status-publish","format-standard","has-post-thumbnail","hentry","category-notas-de-prensa","category-noticias","category-noticias-covid-19","category-noticias-recientes","category-sin-categoria"],"aioseo_notices":[],"_links":{"self":[{"href":"https:\/\/senniaf.gob.pa\/index.php?rest_route=\/wp\/v2\/posts\/15955","targetHints":{"allow":["GET"]}}],"collection":[{"href":"https:\/\/senniaf.gob.pa\/index.php?rest_route=\/wp\/v2\/posts"}],"about":[{"href":"https:\/\/senniaf.gob.pa\/index.php?rest_route=\/wp\/v2\/types\/post"}],"author":[{"embeddable":true,"href":"https:\/\/senniaf.gob.pa\/index.php?rest_route=\/wp\/v2\/users\/6"}],"replies":[{"embeddable":true,"href":"https:\/\/senniaf.gob.pa\/index.php?rest_route=%2Fwp%2Fv2%2Fcomments&post=15955"}],"version-history":[{"count":4,"href":"https:\/\/senniaf.gob.pa\/index.php?rest_route=\/wp\/v2\/posts\/15955\/revisions"}],"predecessor-version":[{"id":16290,"href":"https:\/\/senniaf.gob.pa\/index.php?rest_route=\/wp\/v2\/posts\/15955\/revisions\/16290"}],"wp:featuredmedia":[{"embeddable":true,"href":"https:\/\/senniaf.gob.pa\/index.php?rest_route=\/wp\/v2\/media\/15956"}],"wp:attachment":[{"href":"https:\/\/senniaf.gob.pa\/index.php?rest_route=%2Fwp%2Fv2%2Fmedia&parent=15955"}],"wp:term":[{"taxonomy":"category","embeddable":true,"href":"https:\/\/senniaf.gob.pa\/index.php?rest_route=%2Fwp%2Fv2%2Fcategories&post=15955"},{"taxonomy":"post_tag","embeddable":true,"href":"https:\/\/senniaf.gob.pa\/index.php?rest_route=%2Fwp%2Fv2%2Ftags&post=15955"}],"curies":[{"name":"wp","href":"https:\/\/api.w.org\/{rel}","templated":true}]}}