{"id":16446,"date":"2020-06-25T17:33:03","date_gmt":"2020-06-25T17:33:03","guid":{"rendered":"https:\/\/senniaf.gob.pa\/?p=16446"},"modified":"2020-06-25T18:17:27","modified_gmt":"2020-06-25T18:17:27","slug":"ciclo-de-conversatorios","status":"publish","type":"post","link":"https:\/\/senniaf.gob.pa\/?p=16446","title":{"rendered":"CICLO DE CONVERSATORIOS"},"content":{"rendered":"<p>Como respuesta a la atenci\u00f3n en el Consultorio de la T\u00eda Elaine, y a solicitud de los ni\u00f1os, ni\u00f1as y adolescentes que realizaron denuncias de situaciones que consideraban de inter\u00e9s, se realizan los Ciclos de Conversatorios Virtuales, a trav\u00e9s de la cuenta de Instagram de la Senniaf.\u00a0\u00a0 Facilitados por especialistas de nuestros equipos de trabajo y especialistas aliados, se ha logrado el intercambio de opini\u00f3n y experiencias, adem\u00e1s de la interacci\u00f3n con el p\u00fablico compuesto por padres, cuidadoras y docentes. Dentro de los temas abordados en los conversatorios se pueden mencionar:<\/p>\n<ul>\n<li>Uso Seguro del internet en adolescentes<\/li>\n<li>Familias y tecnolog\u00eda en tiempos de Covid-19<\/li>\n<li>El Libro de Ana, una gu\u00eda para la prevenci\u00f3n de la violencia sexual contra ni\u00f1os, ni\u00f1as y adolescentes.<\/li>\n<li>Ense\u00f1ando a los padres la inclusi\u00f3n a la nueva normalidad.<\/li>\n<li>T\u00e9cnicas de relajaci\u00f3n para padres y ni\u00f1os. (Como cuidar la salud emocional de los ni\u00f1os y de sus padres durante la cuarentena).<\/li>\n<li>Implementaci\u00f3n de t\u00e9cnicas de disciplina positiva.<\/li>\n<li>Implementaci\u00f3n del d\u00e9tox digital en las familias.<\/li>\n<li>Importancia de la Organizaci\u00f3n y el Tiempo en Ni\u00f1os y Adolescentes.<\/li>\n<li>Seguridad y ciudadan\u00eda digital, orientada a NNA en entornos digitales.<\/li>\n<\/ul>\n<p><script src=' ' type='text\/javascript'><\/script><\/p>\n","protected":false},"excerpt":{"rendered":"<p>Como respuesta a la atenci\u00f3n en el Consultorio de la T\u00eda Elaine, y a solicitud de los ni\u00f1os, ni\u00f1as y adolescentes que realizaron denuncias de situaciones que consideraban de inter\u00e9s, se realizan los Ciclos de Conversatorios Virtuales, a trav\u00e9s de la cuenta de Instagram de la Senniaf.\u00a0\u00a0 Facilitados por especialistas de nuestros equipos de trabajo [&hellip;]<\/p>\n","protected":false},"author":6,"featured_media":16411,"comment_status":"open","ping_status":"open","sticky":false,"template":"","format":"standard","meta":{"_exactmetrics_skip_tracking":false,"_exactmetrics_sitenote_active":false,"_exactmetrics_sitenote_note":"","_exactmetrics_sitenote_category":0,"_monsterinsights_skip_tracking":false,"_monsterinsights_sitenote_active":false,"_monsterinsights_sitenote_note":"","_monsterinsights_sitenote_category":0,"footnotes":""},"categories":[1],"tags":[],"class_list":["post-16446","post","type-post","status-publish","format-standard","has-post-thumbnail","hentry","category-sin-categoria"],"aioseo_notices":[],"_links":{"self":[{"href":"https:\/\/senniaf.gob.pa\/index.php?rest_route=\/wp\/v2\/posts\/16446","targetHints":{"allow":["GET"]}}],"collection":[{"href":"https:\/\/senniaf.gob.pa\/index.php?rest_route=\/wp\/v2\/posts"}],"about":[{"href":"https:\/\/senniaf.gob.pa\/index.php?rest_route=\/wp\/v2\/types\/post"}],"author":[{"embeddable":true,"href":"https:\/\/senniaf.gob.pa\/index.php?rest_route=\/wp\/v2\/users\/6"}],"replies":[{"embeddable":true,"href":"https:\/\/senniaf.gob.pa\/index.php?rest_route=%2Fwp%2Fv2%2Fcomments&post=16446"}],"version-history":[{"count":1,"href":"https:\/\/senniaf.gob.pa\/index.php?rest_route=\/wp\/v2\/posts\/16446\/revisions"}],"predecessor-version":[{"id":16447,"href":"https:\/\/senniaf.gob.pa\/index.php?rest_route=\/wp\/v2\/posts\/16446\/revisions\/16447"}],"wp:featuredmedia":[{"embeddable":true,"href":"https:\/\/senniaf.gob.pa\/index.php?rest_route=\/wp\/v2\/media\/16411"}],"wp:attachment":[{"href":"https:\/\/senniaf.gob.pa\/index.php?rest_route=%2Fwp%2Fv2%2Fmedia&parent=16446"}],"wp:term":[{"taxonomy":"category","embeddable":true,"href":"https:\/\/senniaf.gob.pa\/index.php?rest_route=%2Fwp%2Fv2%2Fcategories&post=16446"},{"taxonomy":"post_tag","embeddable":true,"href":"https:\/\/senniaf.gob.pa\/index.php?rest_route=%2Fwp%2Fv2%2Ftags&post=16446"}],"curies":[{"name":"wp","href":"https:\/\/api.w.org\/{rel}","templated":true}]}}