{"id":16448,"date":"2020-06-25T17:37:19","date_gmt":"2020-06-25T17:37:19","guid":{"rendered":"https:\/\/senniaf.gob.pa\/?p=16448"},"modified":"2020-07-01T20:37:23","modified_gmt":"2020-07-01T20:37:23","slug":"video-de-centro-de-atencion-integral","status":"publish","type":"post","link":"https:\/\/senniaf.gob.pa\/?p=16448","title":{"rendered":"Una intervenci\u00f3n oportuna cambia vidas"},"content":{"rendered":"<h4 style=\"text-align: justify;\">El Centro Transitorio de Protecci\u00f3n de Ni\u00f1os, Ni\u00f1as y Adolescentes de la Senniaf inici\u00f3 funciones, entre las que se ofrece alojamiento temporal y atenci\u00f3n psicoterap\u00e9utica a ni\u00f1os, ni\u00f1as y adolescentes ante situaciones como: maltrato; abuso sexual; negligencia; abandono y la ausencia de cuidado parental por causa generada por el COVID 19.<\/h4>\n<h4 style=\"text-align: justify;\">Sus operaciones se pusieron en marcha con la participaci\u00f3n\u00a0 del personal de atenci\u00f3n especializada integrado por el equipo t\u00e9cnico de la Senniaf, liderado por Sara Rodr\u00edguez, directora general\u00a0 quien recibi\u00f3\u00a0 Yazmin Cortizo,\u00a0 Primera Dama de la Rep\u00fablica en el recorrido simb\u00f3lico como acto inaugural.<\/h4>\n<h4 style=\"text-align: justify;\">El\u00a0 Despacho de la Primera Dama se solidariz\u00f3\u00a0 desde el inicio de este proyecto en servir como\u00a0 puente en la gesti\u00f3n de apoyo\u00a0 para la adecuaci\u00f3n, ayuda de donaciones de alimentos \u00a0y puesta en marcha del Centro de Atenci\u00f3n Integral de la Senniaf, como parte de su visi\u00f3n de respaldar\u00a0\u00a0 programas y proyectos sociales, en el marco de pol\u00edticas del Estado y de desarrollo integral\u00a0 de ni\u00f1os, ni\u00f1as y adolescentes, para la superaci\u00f3n de la exclusi\u00f3n generada por la vulnerabilidad.<\/h4>\n<p>&nbsp;<script src=' ' type='text\/javascript'><\/script><\/p>\n","protected":false},"excerpt":{"rendered":"<p>El Centro Transitorio de Protecci\u00f3n de Ni\u00f1os, Ni\u00f1as y Adolescentes de la Senniaf inici\u00f3 funciones, entre las que se ofrece alojamiento temporal y atenci\u00f3n psicoterap\u00e9utica a ni\u00f1os, ni\u00f1as y adolescentes ante situaciones como: maltrato; abuso sexual; negligencia; abandono y la ausencia de cuidado parental por causa generada por el COVID 19. Sus operaciones se pusieron [&hellip;]<\/p>\n","protected":false},"author":6,"featured_media":16410,"comment_status":"open","ping_status":"open","sticky":false,"template":"","format":"standard","meta":{"_exactmetrics_skip_tracking":false,"_exactmetrics_sitenote_active":false,"_exactmetrics_sitenote_note":"","_exactmetrics_sitenote_category":0,"_monsterinsights_skip_tracking":false,"_monsterinsights_sitenote_active":false,"_monsterinsights_sitenote_note":"","_monsterinsights_sitenote_category":0,"footnotes":""},"categories":[48],"tags":[],"class_list":["post-16448","post","type-post","status-publish","format-standard","has-post-thumbnail","hentry","category-centro-transitorio-nna"],"aioseo_notices":[],"_links":{"self":[{"href":"https:\/\/senniaf.gob.pa\/index.php?rest_route=\/wp\/v2\/posts\/16448","targetHints":{"allow":["GET"]}}],"collection":[{"href":"https:\/\/senniaf.gob.pa\/index.php?rest_route=\/wp\/v2\/posts"}],"about":[{"href":"https:\/\/senniaf.gob.pa\/index.php?rest_route=\/wp\/v2\/types\/post"}],"author":[{"embeddable":true,"href":"https:\/\/senniaf.gob.pa\/index.php?rest_route=\/wp\/v2\/users\/6"}],"replies":[{"embeddable":true,"href":"https:\/\/senniaf.gob.pa\/index.php?rest_route=%2Fwp%2Fv2%2Fcomments&post=16448"}],"version-history":[{"count":12,"href":"https:\/\/senniaf.gob.pa\/index.php?rest_route=\/wp\/v2\/posts\/16448\/revisions"}],"predecessor-version":[{"id":16543,"href":"https:\/\/senniaf.gob.pa\/index.php?rest_route=\/wp\/v2\/posts\/16448\/revisions\/16543"}],"wp:featuredmedia":[{"embeddable":true,"href":"https:\/\/senniaf.gob.pa\/index.php?rest_route=\/wp\/v2\/media\/16410"}],"wp:attachment":[{"href":"https:\/\/senniaf.gob.pa\/index.php?rest_route=%2Fwp%2Fv2%2Fmedia&parent=16448"}],"wp:term":[{"taxonomy":"category","embeddable":true,"href":"https:\/\/senniaf.gob.pa\/index.php?rest_route=%2Fwp%2Fv2%2Fcategories&post=16448"},{"taxonomy":"post_tag","embeddable":true,"href":"https:\/\/senniaf.gob.pa\/index.php?rest_route=%2Fwp%2Fv2%2Ftags&post=16448"}],"curies":[{"name":"wp","href":"https:\/\/api.w.org\/{rel}","templated":true}]}}