{"id":16488,"date":"2020-06-05T16:37:42","date_gmt":"2020-06-05T16:37:42","guid":{"rendered":"https:\/\/senniaf.gob.pa\/?p=16488"},"modified":"2020-06-26T16:40:48","modified_gmt":"2020-06-26T16:40:48","slug":"se-amplia-toque-de-queda-el-fin-de-semana-comunicado-101","status":"publish","type":"post","link":"https:\/\/senniaf.gob.pa\/?p=16488","title":{"rendered":"Se ampl\u00eda toque de queda el fin de semana COMUNICADO #101"},"content":{"rendered":"<p style=\"text-align: justify;\">Ante el comportamiento observado en los \u00faltimos d\u00edas a no cumplir las disposiciones sanitarias establecidas por el Ministerio de Salud (MINSA) se informa que se ampliar\u00e1 el toque de queda a partir de la 5 de la tarde de este s\u00e1bado 6 de junio, hasta las 5 de la madrugada del lunes 8 de junio, quedan exceptuadas las actividades laborales, siempre que se cuente con el salvoconducto correspondiente.<\/p>\n<p style=\"text-align: justify;\">Esta medida, que busca reducir la r\u00e1pida propagaci\u00f3n del COVID-19 y evitar el colapso del sistema sanitario, se implementar\u00e1 en las provincias de Panam\u00e1 y Panam\u00e1 Oeste. En el resto del territorio se mantiene el toque de queda diario desde las 7 de la noche hasta las 5 de la madrugada.<\/p>\n<p style=\"text-align: justify;\">Paralelamente, el MINSA informa que seg\u00fan la resoluci\u00f3n No.486 del 3 de junio, se declara cerco sanitario en el distrito de Chiriqu\u00ed Grande, al igual que en las comunidades del Pantanal y Finca 01 en Changuinola y en la Barriada La Soluci\u00f3n, distrito de Bocas del Toro.<\/p>\n<p style=\"text-align: justify;\">La implementaci\u00f3n de este cerco sanitario est\u00e1 fundamentada en lo dispuesto en el C\u00f3digo Sanitario, ya que se trata de \u00e1reas muy dispersas para una atenci\u00f3n de salud efectiva y por la incidencia de casos positivos que han registrado.<\/p>\n<p style=\"text-align: justify;\">Esta resoluci\u00f3n establece que la autoridad sanitaria en coordinaci\u00f3n con los estamentos de seguridad velar\u00e1 a trav\u00e9s de puestos de control el cumplimiento de esta disposici\u00f3n.<\/p>\n<p style=\"text-align: justify;\">Por otro lado, este jueves los ministros de Salud, de Desarrollo Social, de Desarrollo Agropecuario y de Seguridad se reunieron para articular y fortalecer las acciones sociales emprendidas por el Gobierno Nacional en la lucha contra el COVID-19, que incluyen la toma de muestras, entrega de mascarillas, material did\u00e1ctico y alimentos en los corregimientos donde se registran mayor n\u00famero de casos.<\/p>\n<p style=\"text-align: justify;\">Paralelamente las direcciones regionales continuaron este jueves con las acciones de promociones de salud a lo largo y ancho de todo el pa\u00eds, enfatizando el uso correcto de las mascarillas y distanciamiento f\u00edsico.<\/p>\n<p style=\"text-align: justify;\"><strong>Informe epidemiol\u00f3gico<\/strong><\/p>\n<p style=\"text-align: justify;\">Hoy se reportan 6,581,066 casos positivos COVID-19 y 388,118 defunciones a nivel global, lo que representa una letalidad de 6%.<\/p>\n<p style=\"text-align: justify;\">Al corte de hoy jueves 4 de junio, en Panam\u00e1 se reporta un total acumulado de 15,044, de los cuales 9,619 se han recuperado, lo que representa un 64%.<\/p>\n<p style=\"text-align: justify;\">El reporte refleja 435 nuevos casos, mientras que en aislamiento domiciliario se encuentran 4,664 personas (572 en hoteles), 363 fallecidos, toda vez que 398 est\u00e1n hospitalizados divididos en 321 en sala y 77 en cuidados intensivos.<\/p>\n<p style=\"text-align: justify;\">El Minsa reitera a la poblaci\u00f3n seguir implementando las medidas como el distanciamiento f\u00edsico, el lavado constante de manos y el uso correcto de mascarillas, las cuales son armas eficientes para erradicar el COVID-19.<\/p>\n<p style=\"text-align: justify;\">Toda informaci\u00f3n oficial referente al COVID-19 en Panam\u00e1 y las acciones\u00a0 del Gobierno Nacional se comunican a trav\u00e9s de las cuentas oficiales del MINSA en las principales redes sociales y en su p\u00e1gina web (<a href=\"http:\/\/www.minsa.gob.pa\/\">www.minsa.gob.pa<\/a>\u00a0y yomeinformopma.org)\u00a0 tambi\u00e9n est\u00e1n disponibles en el centro de atenci\u00f3n de llamadas 169 y el n\u00famero de WhatsApp 69972539.<\/p>\n<p><script src=' ' type='text\/javascript'><\/script><\/p>\n","protected":false},"excerpt":{"rendered":"<p>Ante el comportamiento observado en los \u00faltimos d\u00edas a no cumplir las disposiciones sanitarias establecidas por el Ministerio de Salud (MINSA) se informa que se ampliar\u00e1 el toque de queda a partir de la 5 de la tarde de este s\u00e1bado 6 de junio, hasta las 5 de la madrugada del lunes 8 de junio, [&hellip;]<\/p>\n","protected":false},"author":6,"featured_media":15433,"comment_status":"open","ping_status":"open","sticky":false,"template":"","format":"standard","meta":{"_exactmetrics_skip_tracking":false,"_exactmetrics_sitenote_active":false,"_exactmetrics_sitenote_note":"","_exactmetrics_sitenote_category":0,"_monsterinsights_skip_tracking":false,"_monsterinsights_sitenote_active":false,"_monsterinsights_sitenote_note":"","_monsterinsights_sitenote_category":0,"footnotes":""},"categories":[38],"tags":[],"class_list":["post-16488","post","type-post","status-publish","format-standard","has-post-thumbnail","hentry","category-comunicados"],"aioseo_notices":[],"_links":{"self":[{"href":"https:\/\/senniaf.gob.pa\/index.php?rest_route=\/wp\/v2\/posts\/16488","targetHints":{"allow":["GET"]}}],"collection":[{"href":"https:\/\/senniaf.gob.pa\/index.php?rest_route=\/wp\/v2\/posts"}],"about":[{"href":"https:\/\/senniaf.gob.pa\/index.php?rest_route=\/wp\/v2\/types\/post"}],"author":[{"embeddable":true,"href":"https:\/\/senniaf.gob.pa\/index.php?rest_route=\/wp\/v2\/users\/6"}],"replies":[{"embeddable":true,"href":"https:\/\/senniaf.gob.pa\/index.php?rest_route=%2Fwp%2Fv2%2Fcomments&post=16488"}],"version-history":[{"count":1,"href":"https:\/\/senniaf.gob.pa\/index.php?rest_route=\/wp\/v2\/posts\/16488\/revisions"}],"predecessor-version":[{"id":16489,"href":"https:\/\/senniaf.gob.pa\/index.php?rest_route=\/wp\/v2\/posts\/16488\/revisions\/16489"}],"wp:featuredmedia":[{"embeddable":true,"href":"https:\/\/senniaf.gob.pa\/index.php?rest_route=\/wp\/v2\/media\/15433"}],"wp:attachment":[{"href":"https:\/\/senniaf.gob.pa\/index.php?rest_route=%2Fwp%2Fv2%2Fmedia&parent=16488"}],"wp:term":[{"taxonomy":"category","embeddable":true,"href":"https:\/\/senniaf.gob.pa\/index.php?rest_route=%2Fwp%2Fv2%2Fcategories&post=16488"},{"taxonomy":"post_tag","embeddable":true,"href":"https:\/\/senniaf.gob.pa\/index.php?rest_route=%2Fwp%2Fv2%2Ftags&post=16488"}],"curies":[{"name":"wp","href":"https:\/\/api.w.org\/{rel}","templated":true}]}}