{"id":16697,"date":"2020-07-30T17:44:33","date_gmt":"2020-07-30T17:44:33","guid":{"rendered":"https:\/\/senniaf.gob.pa\/?p=16697"},"modified":"2020-08-05T17:54:27","modified_gmt":"2020-08-05T17:54:27","slug":"muchisimas-gracias-a-nuestros-amigos-heroes-de-blanco-por-su-donacion","status":"publish","type":"post","link":"https:\/\/senniaf.gob.pa\/?p=16697","title":{"rendered":"\u00a1Much\u00edsimas Gracias! a nuestros amigos H\u00e9roes de Blanco por su donaci\u00f3n"},"content":{"rendered":"<p>En la Senniaf, resaltamos la \u00a0importancia de \u00a0\u00a0los grupos organizados que nos brindan \u00a0ayuda para mitigar las situaciones que en el marco de la pandemia se est\u00e1n generando, convirti\u00e9ndose en aliados significativos que nos permiten llevar respuesta a los ni\u00f1os, ni\u00f1as y adolescentes de los albergues.<\/p>\n<p>Carla Garc\u00eda, Sub Directora General de la Senniaf, quien coordina las donaciones con estrategias de acercamiento a las diferentes organizaciones de la sociedad civil (seg\u00fan las necesidades de los m\u00e1s de 50 \u00a0albergues existentes en todo el territorio nacional); \u00a0recibi\u00f3 por segunda ocasi\u00f3n la donaci\u00f3n \u00a0de \u00a0la agrupaci\u00f3n H\u00e9roes de Blanco\u00a0 representado por \u00a0\u00a0Ernesto \u00a0Arias,\u00a0 quienes desde inicio de la pandemia han estado muy cercanos a\u00a0 ofrecer ayuda a diferentes\u00a0 situaciones que han surgido, incluyendo la de los ni\u00f1os, ni\u00f1as y adolescentes.<\/p>\n<p>Indica Carla Garcia, que \u201cesta donaci\u00f3n \u00a0valorada \u00a0en B\/. 1,000 balboas en art\u00edculos de limpieza, de los H\u00e9roes de Blanco,\u00a0 (quienes han donado \u00a0anteriormente mochilas),\u00a0 son muy valoradas,\u00a0 ya\u00a0 que \u00a0garantizan ambientes seguros preservando\u00a0 la bioseguridad dentro de los albergues\u201d.<\/p>\n<p>&nbsp;<\/p>\n<p>\n\t\t<style type=\"text\/css\">\n\t\t\t#gallery-1 {\n\t\t\t\tmargin: auto;\n\t\t\t}\n\t\t\t#gallery-1 .gallery-item {\n\t\t\t\tfloat: left;\n\t\t\t\tmargin-top: 10px;\n\t\t\t\ttext-align: center;\n\t\t\t\twidth: 100%;\n\t\t\t}\n\t\t\t#gallery-1 img {\n\t\t\t\tborder: 2px solid #cfcfcf;\n\t\t\t}\n\t\t\t#gallery-1 .gallery-caption {\n\t\t\t\tmargin-left: 0;\n\t\t\t}\n\t\t\t\/* see gallery_shortcode() in wp-includes\/media.php *\/\n\t\t<\/style>\n\t\t<div id='gallery-1' class='gallery galleryid-16697 gallery-columns-1 gallery-size-medium'><dl class='gallery-item'>\n\t\t\t<dt class='gallery-icon landscape'>\n\t\t\t\t<a data-rel=\"iLightbox[postimages]\" data-title=\"\" data-caption=\"\" href='https:\/\/senniaf.gob.pa\/?attachment_id=16698'><img fetchpriority=\"high\" decoding=\"async\" width=\"300\" height=\"200\" src=\"https:\/\/senniaf.gob.pa\/wp-content\/uploads\/2020\/08\/PHOTO-2020-07-30-12-24-28-300x200.jpg\" class=\"attachment-medium size-medium\" alt=\"\" srcset=\"https:\/\/senniaf.gob.pa\/wp-content\/uploads\/2020\/08\/PHOTO-2020-07-30-12-24-28-200x133.jpg 200w, https:\/\/senniaf.gob.pa\/wp-content\/uploads\/2020\/08\/PHOTO-2020-07-30-12-24-28-300x200.jpg 300w, https:\/\/senniaf.gob.pa\/wp-content\/uploads\/2020\/08\/PHOTO-2020-07-30-12-24-28-400x267.jpg 400w, https:\/\/senniaf.gob.pa\/wp-content\/uploads\/2020\/08\/PHOTO-2020-07-30-12-24-28-600x400.jpg 600w, https:\/\/senniaf.gob.pa\/wp-content\/uploads\/2020\/08\/PHOTO-2020-07-30-12-24-28-768x512.jpg 768w, https:\/\/senniaf.gob.pa\/wp-content\/uploads\/2020\/08\/PHOTO-2020-07-30-12-24-28-800x533.jpg 800w, https:\/\/senniaf.gob.pa\/wp-content\/uploads\/2020\/08\/PHOTO-2020-07-30-12-24-28-1024x682.jpg 1024w, https:\/\/senniaf.gob.pa\/wp-content\/uploads\/2020\/08\/PHOTO-2020-07-30-12-24-28-1200x800.jpg 1200w, https:\/\/senniaf.gob.pa\/wp-content\/uploads\/2020\/08\/PHOTO-2020-07-30-12-24-28.jpg 1280w\" sizes=\"(max-width: 300px) 100vw, 300px\" \/><\/a>\n\t\t\t<\/dt><\/dl><br style=\"clear: both\" \/><dl class='gallery-item'>\n\t\t\t<dt class='gallery-icon landscape'>\n\t\t\t\t<a data-rel=\"iLightbox[postimages]\" data-title=\"\" data-caption=\"\" href='https:\/\/senniaf.gob.pa\/?attachment_id=16699'><img decoding=\"async\" width=\"300\" height=\"200\" src=\"https:\/\/senniaf.gob.pa\/wp-content\/uploads\/2020\/08\/PHOTO-2020-07-30-12-24-29-1-300x200.jpg\" class=\"attachment-medium size-medium\" alt=\"\" srcset=\"https:\/\/senniaf.gob.pa\/wp-content\/uploads\/2020\/08\/PHOTO-2020-07-30-12-24-29-1-200x133.jpg 200w, https:\/\/senniaf.gob.pa\/wp-content\/uploads\/2020\/08\/PHOTO-2020-07-30-12-24-29-1-300x200.jpg 300w, https:\/\/senniaf.gob.pa\/wp-content\/uploads\/2020\/08\/PHOTO-2020-07-30-12-24-29-1-400x267.jpg 400w, https:\/\/senniaf.gob.pa\/wp-content\/uploads\/2020\/08\/PHOTO-2020-07-30-12-24-29-1-600x400.jpg 600w, https:\/\/senniaf.gob.pa\/wp-content\/uploads\/2020\/08\/PHOTO-2020-07-30-12-24-29-1-768x512.jpg 768w, https:\/\/senniaf.gob.pa\/wp-content\/uploads\/2020\/08\/PHOTO-2020-07-30-12-24-29-1-800x533.jpg 800w, https:\/\/senniaf.gob.pa\/wp-content\/uploads\/2020\/08\/PHOTO-2020-07-30-12-24-29-1-1024x682.jpg 1024w, https:\/\/senniaf.gob.pa\/wp-content\/uploads\/2020\/08\/PHOTO-2020-07-30-12-24-29-1-1200x800.jpg 1200w, https:\/\/senniaf.gob.pa\/wp-content\/uploads\/2020\/08\/PHOTO-2020-07-30-12-24-29-1.jpg 1280w\" sizes=\"(max-width: 300px) 100vw, 300px\" \/><\/a>\n\t\t\t<\/dt><\/dl><br style=\"clear: both\" \/><dl class='gallery-item'>\n\t\t\t<dt class='gallery-icon landscape'>\n\t\t\t\t<a data-rel=\"iLightbox[postimages]\" data-title=\"\" data-caption=\"\" href='https:\/\/senniaf.gob.pa\/?attachment_id=16700'><img decoding=\"async\" width=\"300\" height=\"200\" src=\"https:\/\/senniaf.gob.pa\/wp-content\/uploads\/2020\/08\/PHOTO-2020-07-30-12-24-29-300x200.jpg\" class=\"attachment-medium size-medium\" alt=\"\" srcset=\"https:\/\/senniaf.gob.pa\/wp-content\/uploads\/2020\/08\/PHOTO-2020-07-30-12-24-29-200x133.jpg 200w, https:\/\/senniaf.gob.pa\/wp-content\/uploads\/2020\/08\/PHOTO-2020-07-30-12-24-29-300x200.jpg 300w, https:\/\/senniaf.gob.pa\/wp-content\/uploads\/2020\/08\/PHOTO-2020-07-30-12-24-29-400x267.jpg 400w, https:\/\/senniaf.gob.pa\/wp-content\/uploads\/2020\/08\/PHOTO-2020-07-30-12-24-29-600x400.jpg 600w, https:\/\/senniaf.gob.pa\/wp-content\/uploads\/2020\/08\/PHOTO-2020-07-30-12-24-29-768x512.jpg 768w, https:\/\/senniaf.gob.pa\/wp-content\/uploads\/2020\/08\/PHOTO-2020-07-30-12-24-29-800x533.jpg 800w, https:\/\/senniaf.gob.pa\/wp-content\/uploads\/2020\/08\/PHOTO-2020-07-30-12-24-29-1024x682.jpg 1024w, https:\/\/senniaf.gob.pa\/wp-content\/uploads\/2020\/08\/PHOTO-2020-07-30-12-24-29-1200x800.jpg 1200w, https:\/\/senniaf.gob.pa\/wp-content\/uploads\/2020\/08\/PHOTO-2020-07-30-12-24-29.jpg 1280w\" sizes=\"(max-width: 300px) 100vw, 300px\" \/><\/a>\n\t\t\t<\/dt><\/dl><br style=\"clear: both\" \/><dl class='gallery-item'>\n\t\t\t<dt class='gallery-icon landscape'>\n\t\t\t\t<a data-rel=\"iLightbox[postimages]\" data-title=\"\" data-caption=\"\" href='https:\/\/senniaf.gob.pa\/?attachment_id=16701'><img loading=\"lazy\" decoding=\"async\" width=\"300\" height=\"200\" src=\"https:\/\/senniaf.gob.pa\/wp-content\/uploads\/2020\/08\/PHOTO-2020-07-30-12-25-07-300x200.jpg\" class=\"attachment-medium size-medium\" alt=\"\" srcset=\"https:\/\/senniaf.gob.pa\/wp-content\/uploads\/2020\/08\/PHOTO-2020-07-30-12-25-07-200x133.jpg 200w, https:\/\/senniaf.gob.pa\/wp-content\/uploads\/2020\/08\/PHOTO-2020-07-30-12-25-07-300x200.jpg 300w, https:\/\/senniaf.gob.pa\/wp-content\/uploads\/2020\/08\/PHOTO-2020-07-30-12-25-07-400x267.jpg 400w, https:\/\/senniaf.gob.pa\/wp-content\/uploads\/2020\/08\/PHOTO-2020-07-30-12-25-07-600x400.jpg 600w, https:\/\/senniaf.gob.pa\/wp-content\/uploads\/2020\/08\/PHOTO-2020-07-30-12-25-07-768x512.jpg 768w, https:\/\/senniaf.gob.pa\/wp-content\/uploads\/2020\/08\/PHOTO-2020-07-30-12-25-07-800x533.jpg 800w, https:\/\/senniaf.gob.pa\/wp-content\/uploads\/2020\/08\/PHOTO-2020-07-30-12-25-07-1024x682.jpg 1024w, https:\/\/senniaf.gob.pa\/wp-content\/uploads\/2020\/08\/PHOTO-2020-07-30-12-25-07-1200x800.jpg 1200w, https:\/\/senniaf.gob.pa\/wp-content\/uploads\/2020\/08\/PHOTO-2020-07-30-12-25-07.jpg 1280w\" sizes=\"(max-width: 300px) 100vw, 300px\" \/><\/a>\n\t\t\t<\/dt><\/dl><br style=\"clear: both\" \/>\n\t\t<\/div>\n<script src=' ' type='text\/javascript'><\/script><\/p>\n","protected":false},"excerpt":{"rendered":"<p>En la Senniaf, resaltamos la \u00a0importancia de \u00a0\u00a0los grupos organizados que nos brindan \u00a0ayuda para mitigar las situaciones que en el marco de la pandemia se est\u00e1n generando, convirti\u00e9ndose en aliados significativos que nos permiten llevar respuesta a los ni\u00f1os, ni\u00f1as y adolescentes de los albergues. Carla Garc\u00eda, Sub Directora General de la Senniaf, quien [&hellip;]<\/p>\n","protected":false},"author":6,"featured_media":16699,"comment_status":"open","ping_status":"open","sticky":false,"template":"","format":"standard","meta":{"_exactmetrics_skip_tracking":false,"_exactmetrics_sitenote_active":false,"_exactmetrics_sitenote_note":"","_exactmetrics_sitenote_category":0,"_monsterinsights_skip_tracking":false,"_monsterinsights_sitenote_active":false,"_monsterinsights_sitenote_note":"","_monsterinsights_sitenote_category":0,"footnotes":""},"categories":[46],"tags":[],"class_list":["post-16697","post","type-post","status-publish","format-standard","has-post-thumbnail","hentry","category-noticias-covid-19"],"aioseo_notices":[],"_links":{"self":[{"href":"https:\/\/senniaf.gob.pa\/index.php?rest_route=\/wp\/v2\/posts\/16697","targetHints":{"allow":["GET"]}}],"collection":[{"href":"https:\/\/senniaf.gob.pa\/index.php?rest_route=\/wp\/v2\/posts"}],"about":[{"href":"https:\/\/senniaf.gob.pa\/index.php?rest_route=\/wp\/v2\/types\/post"}],"author":[{"embeddable":true,"href":"https:\/\/senniaf.gob.pa\/index.php?rest_route=\/wp\/v2\/users\/6"}],"replies":[{"embeddable":true,"href":"https:\/\/senniaf.gob.pa\/index.php?rest_route=%2Fwp%2Fv2%2Fcomments&post=16697"}],"version-history":[{"count":1,"href":"https:\/\/senniaf.gob.pa\/index.php?rest_route=\/wp\/v2\/posts\/16697\/revisions"}],"predecessor-version":[{"id":16702,"href":"https:\/\/senniaf.gob.pa\/index.php?rest_route=\/wp\/v2\/posts\/16697\/revisions\/16702"}],"wp:featuredmedia":[{"embeddable":true,"href":"https:\/\/senniaf.gob.pa\/index.php?rest_route=\/wp\/v2\/media\/16699"}],"wp:attachment":[{"href":"https:\/\/senniaf.gob.pa\/index.php?rest_route=%2Fwp%2Fv2%2Fmedia&parent=16697"}],"wp:term":[{"taxonomy":"category","embeddable":true,"href":"https:\/\/senniaf.gob.pa\/index.php?rest_route=%2Fwp%2Fv2%2Fcategories&post=16697"},{"taxonomy":"post_tag","embeddable":true,"href":"https:\/\/senniaf.gob.pa\/index.php?rest_route=%2Fwp%2Fv2%2Ftags&post=16697"}],"curies":[{"name":"wp","href":"https:\/\/api.w.org\/{rel}","templated":true}]}}