{"id":16706,"date":"2020-08-05T15:02:57","date_gmt":"2020-08-05T15:02:57","guid":{"rendered":"https:\/\/senniaf.gob.pa\/?p=16706"},"modified":"2020-08-06T15:04:45","modified_gmt":"2020-08-06T15:04:45","slug":"la-secretaria-nacional-de-ninez-adolescencia-y-familia-recibe-donacion-de-2500-mascarillas-uno-de-los-articulos-mas-importantes-para-prevenir-la-propagacion-del-covid-19","status":"publish","type":"post","link":"https:\/\/senniaf.gob.pa\/?p=16706","title":{"rendered":"La Secretar\u00eda Nacional de Ni\u00f1ez, Adolescencia y Familia recibe donaci\u00f3n de 2,500 mascarillas, uno  de los art\u00edculos m\u00e1s importantes para  prevenir la propagaci\u00f3n del COVID-19."},"content":{"rendered":"<p>Cada vez se suman m\u00e1s las personas Identificadas con el deseo de ser solidarios, \u00a0\u00a0y aportar a las acciones que permitan mitigar \u00a0las \u00a0consecuencia de la pandemia que \u00a0estamos enfrentando en nuestro pa\u00eds. Hoy \u00a0recibimos la visita de Sandra,\u00a0 Cindy y Margarita tres amigas que ampl\u00edan\u00a0 las donaciones con 2,500 mascarillas, uno\u00a0 de los art\u00edculos m\u00e1s importantes \u00a0y necesarios para\u00a0 prevenir la propagaci\u00f3n del COVID-19.<\/p>\n<p>Carla Garc\u00eda, Sub Directora General,\u00a0 agradeci\u00f3 este gesto\u00a0 y recibi\u00f3 la donaci\u00f3n de manos de sus auspiciadoras quienes estaban complacidas de poder ofrecer este apoyo significativo, \u00a0que se\u00a0 distribuir\u00e1\u00a0 en\u00a0 los albergues\u00a0 que administra la Secretaria Nacional de Ni\u00f1ez, Adolescencia y Familia.<\/p>\n\n\t\t<style type=\"text\/css\">\n\t\t\t#gallery-1 {\n\t\t\t\tmargin: auto;\n\t\t\t}\n\t\t\t#gallery-1 .gallery-item {\n\t\t\t\tfloat: left;\n\t\t\t\tmargin-top: 10px;\n\t\t\t\ttext-align: center;\n\t\t\t\twidth: 100%;\n\t\t\t}\n\t\t\t#gallery-1 img {\n\t\t\t\tborder: 2px solid #cfcfcf;\n\t\t\t}\n\t\t\t#gallery-1 .gallery-caption {\n\t\t\t\tmargin-left: 0;\n\t\t\t}\n\t\t\t\/* see gallery_shortcode() in wp-includes\/media.php *\/\n\t\t<\/style>\n\t\t<div id='gallery-1' class='gallery galleryid-16706 gallery-columns-1 gallery-size-medium'><dl class='gallery-item'>\n\t\t\t<dt class='gallery-icon landscape'>\n\t\t\t\t<a data-rel=\"iLightbox[postimages]\" data-title=\"\" data-caption=\"\" href='https:\/\/senniaf.gob.pa\/?attachment_id=16707'><img fetchpriority=\"high\" decoding=\"async\" width=\"300\" height=\"200\" src=\"https:\/\/senniaf.gob.pa\/wp-content\/uploads\/2020\/08\/PHOTO-2020-08-05-10-25-10-1-300x200.jpg\" class=\"attachment-medium size-medium\" alt=\"\" srcset=\"https:\/\/senniaf.gob.pa\/wp-content\/uploads\/2020\/08\/PHOTO-2020-08-05-10-25-10-1-200x133.jpg 200w, https:\/\/senniaf.gob.pa\/wp-content\/uploads\/2020\/08\/PHOTO-2020-08-05-10-25-10-1-300x200.jpg 300w, https:\/\/senniaf.gob.pa\/wp-content\/uploads\/2020\/08\/PHOTO-2020-08-05-10-25-10-1-400x267.jpg 400w, https:\/\/senniaf.gob.pa\/wp-content\/uploads\/2020\/08\/PHOTO-2020-08-05-10-25-10-1-600x400.jpg 600w, https:\/\/senniaf.gob.pa\/wp-content\/uploads\/2020\/08\/PHOTO-2020-08-05-10-25-10-1-768x512.jpg 768w, https:\/\/senniaf.gob.pa\/wp-content\/uploads\/2020\/08\/PHOTO-2020-08-05-10-25-10-1-800x533.jpg 800w, https:\/\/senniaf.gob.pa\/wp-content\/uploads\/2020\/08\/PHOTO-2020-08-05-10-25-10-1-1024x682.jpg 1024w, https:\/\/senniaf.gob.pa\/wp-content\/uploads\/2020\/08\/PHOTO-2020-08-05-10-25-10-1-1200x800.jpg 1200w, https:\/\/senniaf.gob.pa\/wp-content\/uploads\/2020\/08\/PHOTO-2020-08-05-10-25-10-1.jpg 1280w\" sizes=\"(max-width: 300px) 100vw, 300px\" \/><\/a>\n\t\t\t<\/dt><\/dl><br style=\"clear: both\" \/><dl class='gallery-item'>\n\t\t\t<dt class='gallery-icon landscape'>\n\t\t\t\t<a data-rel=\"iLightbox[postimages]\" data-title=\"\" data-caption=\"\" href='https:\/\/senniaf.gob.pa\/?attachment_id=16708'><img decoding=\"async\" width=\"300\" height=\"200\" src=\"https:\/\/senniaf.gob.pa\/wp-content\/uploads\/2020\/08\/PHOTO-2020-08-05-10-25-10-2-300x200.jpg\" class=\"attachment-medium size-medium\" alt=\"\" srcset=\"https:\/\/senniaf.gob.pa\/wp-content\/uploads\/2020\/08\/PHOTO-2020-08-05-10-25-10-2-200x133.jpg 200w, https:\/\/senniaf.gob.pa\/wp-content\/uploads\/2020\/08\/PHOTO-2020-08-05-10-25-10-2-300x200.jpg 300w, https:\/\/senniaf.gob.pa\/wp-content\/uploads\/2020\/08\/PHOTO-2020-08-05-10-25-10-2-400x267.jpg 400w, https:\/\/senniaf.gob.pa\/wp-content\/uploads\/2020\/08\/PHOTO-2020-08-05-10-25-10-2-600x400.jpg 600w, https:\/\/senniaf.gob.pa\/wp-content\/uploads\/2020\/08\/PHOTO-2020-08-05-10-25-10-2-768x512.jpg 768w, https:\/\/senniaf.gob.pa\/wp-content\/uploads\/2020\/08\/PHOTO-2020-08-05-10-25-10-2-800x533.jpg 800w, https:\/\/senniaf.gob.pa\/wp-content\/uploads\/2020\/08\/PHOTO-2020-08-05-10-25-10-2-1024x682.jpg 1024w, https:\/\/senniaf.gob.pa\/wp-content\/uploads\/2020\/08\/PHOTO-2020-08-05-10-25-10-2-1200x800.jpg 1200w, https:\/\/senniaf.gob.pa\/wp-content\/uploads\/2020\/08\/PHOTO-2020-08-05-10-25-10-2.jpg 1280w\" sizes=\"(max-width: 300px) 100vw, 300px\" \/><\/a>\n\t\t\t<\/dt><\/dl><br style=\"clear: both\" \/><dl class='gallery-item'>\n\t\t\t<dt class='gallery-icon landscape'>\n\t\t\t\t<a data-rel=\"iLightbox[postimages]\" data-title=\"\" data-caption=\"\" href='https:\/\/senniaf.gob.pa\/?attachment_id=16709'><img decoding=\"async\" width=\"300\" height=\"200\" src=\"https:\/\/senniaf.gob.pa\/wp-content\/uploads\/2020\/08\/PHOTO-2020-08-05-10-25-10-300x200.jpg\" class=\"attachment-medium size-medium\" alt=\"\" srcset=\"https:\/\/senniaf.gob.pa\/wp-content\/uploads\/2020\/08\/PHOTO-2020-08-05-10-25-10-200x133.jpg 200w, https:\/\/senniaf.gob.pa\/wp-content\/uploads\/2020\/08\/PHOTO-2020-08-05-10-25-10-300x200.jpg 300w, https:\/\/senniaf.gob.pa\/wp-content\/uploads\/2020\/08\/PHOTO-2020-08-05-10-25-10-400x267.jpg 400w, https:\/\/senniaf.gob.pa\/wp-content\/uploads\/2020\/08\/PHOTO-2020-08-05-10-25-10-600x400.jpg 600w, https:\/\/senniaf.gob.pa\/wp-content\/uploads\/2020\/08\/PHOTO-2020-08-05-10-25-10-768x512.jpg 768w, https:\/\/senniaf.gob.pa\/wp-content\/uploads\/2020\/08\/PHOTO-2020-08-05-10-25-10-800x533.jpg 800w, https:\/\/senniaf.gob.pa\/wp-content\/uploads\/2020\/08\/PHOTO-2020-08-05-10-25-10-1024x682.jpg 1024w, https:\/\/senniaf.gob.pa\/wp-content\/uploads\/2020\/08\/PHOTO-2020-08-05-10-25-10-1200x800.jpg 1200w, https:\/\/senniaf.gob.pa\/wp-content\/uploads\/2020\/08\/PHOTO-2020-08-05-10-25-10.jpg 1280w\" sizes=\"(max-width: 300px) 100vw, 300px\" \/><\/a>\n\t\t\t<\/dt><\/dl><br style=\"clear: both\" \/>\n\t\t<\/div>\n\n<p>&nbsp;<script src=' ' type='text\/javascript'><\/script><\/p>\n","protected":false},"excerpt":{"rendered":"<p>Cada vez se suman m\u00e1s las personas Identificadas con el deseo de ser solidarios, \u00a0\u00a0y aportar a las acciones que permitan mitigar \u00a0las \u00a0consecuencia de la pandemia que \u00a0estamos enfrentando en nuestro pa\u00eds. Hoy \u00a0recibimos la visita de Sandra,\u00a0 Cindy y Margarita tres amigas que ampl\u00edan\u00a0 las donaciones con 2,500 mascarillas, uno\u00a0 de los art\u00edculos [&hellip;]<\/p>\n","protected":false},"author":6,"featured_media":16708,"comment_status":"open","ping_status":"open","sticky":false,"template":"","format":"standard","meta":{"_exactmetrics_skip_tracking":false,"_exactmetrics_sitenote_active":false,"_exactmetrics_sitenote_note":"","_exactmetrics_sitenote_category":0,"_monsterinsights_skip_tracking":false,"_monsterinsights_sitenote_active":false,"_monsterinsights_sitenote_note":"","_monsterinsights_sitenote_category":0,"footnotes":""},"categories":[46],"tags":[],"class_list":["post-16706","post","type-post","status-publish","format-standard","has-post-thumbnail","hentry","category-noticias-covid-19"],"aioseo_notices":[],"_links":{"self":[{"href":"https:\/\/senniaf.gob.pa\/index.php?rest_route=\/wp\/v2\/posts\/16706","targetHints":{"allow":["GET"]}}],"collection":[{"href":"https:\/\/senniaf.gob.pa\/index.php?rest_route=\/wp\/v2\/posts"}],"about":[{"href":"https:\/\/senniaf.gob.pa\/index.php?rest_route=\/wp\/v2\/types\/post"}],"author":[{"embeddable":true,"href":"https:\/\/senniaf.gob.pa\/index.php?rest_route=\/wp\/v2\/users\/6"}],"replies":[{"embeddable":true,"href":"https:\/\/senniaf.gob.pa\/index.php?rest_route=%2Fwp%2Fv2%2Fcomments&post=16706"}],"version-history":[{"count":1,"href":"https:\/\/senniaf.gob.pa\/index.php?rest_route=\/wp\/v2\/posts\/16706\/revisions"}],"predecessor-version":[{"id":16710,"href":"https:\/\/senniaf.gob.pa\/index.php?rest_route=\/wp\/v2\/posts\/16706\/revisions\/16710"}],"wp:featuredmedia":[{"embeddable":true,"href":"https:\/\/senniaf.gob.pa\/index.php?rest_route=\/wp\/v2\/media\/16708"}],"wp:attachment":[{"href":"https:\/\/senniaf.gob.pa\/index.php?rest_route=%2Fwp%2Fv2%2Fmedia&parent=16706"}],"wp:term":[{"taxonomy":"category","embeddable":true,"href":"https:\/\/senniaf.gob.pa\/index.php?rest_route=%2Fwp%2Fv2%2Fcategories&post=16706"},{"taxonomy":"post_tag","embeddable":true,"href":"https:\/\/senniaf.gob.pa\/index.php?rest_route=%2Fwp%2Fv2%2Ftags&post=16706"}],"curies":[{"name":"wp","href":"https:\/\/api.w.org\/{rel}","templated":true}]}}