{"id":16811,"date":"2020-08-26T17:01:20","date_gmt":"2020-08-26T17:01:20","guid":{"rendered":"https:\/\/senniaf.gob.pa\/?p=16811"},"modified":"2020-08-27T17:14:06","modified_gmt":"2020-08-27T17:14:06","slug":"la-senniaf-participo-del-debate-de-la-proteccion-a-la-primera-infancia-y-desarrollo-infantil-temprano","status":"publish","type":"post","link":"https:\/\/senniaf.gob.pa\/?p=16811","title":{"rendered":"La SENNIAF particip\u00f3 del debate &#8220;De la Protecci\u00f3n a la Primera Infancia y Desarrollo Infantil Temprano&#8221;"},"content":{"rendered":"<p>Unidos lo Hacemos por la primera infancia, Hoy participamos junto al Ministerio de Desarrollo Social, Ministerio de Educaci\u00f3n, Ministerio de Salud, de la discusi\u00f3n en primer debate del proyecto de ley No. 155 &#8220;De la Protecci\u00f3n a la Primera Infancia y Desarrollo Infantil Temprano&#8221;, siendo aprobado en primer debate por la Comisi\u00f3n de la Mujer, la Ni\u00f1ez, la Juventud y la Familia y el cual sube a segundo debate para sus posteriores modificaciones.<\/p>\n\n\t\t<style type=\"text\/css\">\n\t\t\t#gallery-1 {\n\t\t\t\tmargin: auto;\n\t\t\t}\n\t\t\t#gallery-1 .gallery-item {\n\t\t\t\tfloat: left;\n\t\t\t\tmargin-top: 10px;\n\t\t\t\ttext-align: center;\n\t\t\t\twidth: 100%;\n\t\t\t}\n\t\t\t#gallery-1 img {\n\t\t\t\tborder: 2px solid #cfcfcf;\n\t\t\t}\n\t\t\t#gallery-1 .gallery-caption {\n\t\t\t\tmargin-left: 0;\n\t\t\t}\n\t\t\t\/* see gallery_shortcode() in wp-includes\/media.php *\/\n\t\t<\/style>\n\t\t<div id='gallery-1' class='gallery galleryid-16811 gallery-columns-1 gallery-size-medium'><dl class='gallery-item'>\n\t\t\t<dt class='gallery-icon landscape'>\n\t\t\t\t<a data-rel=\"iLightbox[postimages]\" data-title=\"\" data-caption=\"\" href='https:\/\/senniaf.gob.pa\/?attachment_id=16812'><img fetchpriority=\"high\" decoding=\"async\" width=\"300\" height=\"200\" src=\"https:\/\/senniaf.gob.pa\/wp-content\/uploads\/2020\/08\/PHOTO-2020-08-27-11-52-19-3-300x200.jpg\" class=\"attachment-medium size-medium\" alt=\"\" srcset=\"https:\/\/senniaf.gob.pa\/wp-content\/uploads\/2020\/08\/PHOTO-2020-08-27-11-52-19-3-200x133.jpg 200w, https:\/\/senniaf.gob.pa\/wp-content\/uploads\/2020\/08\/PHOTO-2020-08-27-11-52-19-3-300x200.jpg 300w, https:\/\/senniaf.gob.pa\/wp-content\/uploads\/2020\/08\/PHOTO-2020-08-27-11-52-19-3-400x266.jpg 400w, https:\/\/senniaf.gob.pa\/wp-content\/uploads\/2020\/08\/PHOTO-2020-08-27-11-52-19-3-600x400.jpg 600w, https:\/\/senniaf.gob.pa\/wp-content\/uploads\/2020\/08\/PHOTO-2020-08-27-11-52-19-3-768x512.jpg 768w, https:\/\/senniaf.gob.pa\/wp-content\/uploads\/2020\/08\/PHOTO-2020-08-27-11-52-19-3-800x533.jpg 800w, https:\/\/senniaf.gob.pa\/wp-content\/uploads\/2020\/08\/PHOTO-2020-08-27-11-52-19-3.jpg 1024w\" sizes=\"(max-width: 300px) 100vw, 300px\" \/><\/a>\n\t\t\t<\/dt><\/dl><br style=\"clear: both\" \/><dl class='gallery-item'>\n\t\t\t<dt class='gallery-icon landscape'>\n\t\t\t\t<a data-rel=\"iLightbox[postimages]\" data-title=\"\" data-caption=\"\" href='https:\/\/senniaf.gob.pa\/?attachment_id=16813'><img decoding=\"async\" width=\"300\" height=\"200\" src=\"https:\/\/senniaf.gob.pa\/wp-content\/uploads\/2020\/08\/PHOTO-2020-08-27-11-52-19-2-300x200.jpg\" class=\"attachment-medium size-medium\" alt=\"\" srcset=\"https:\/\/senniaf.gob.pa\/wp-content\/uploads\/2020\/08\/PHOTO-2020-08-27-11-52-19-2-200x133.jpg 200w, https:\/\/senniaf.gob.pa\/wp-content\/uploads\/2020\/08\/PHOTO-2020-08-27-11-52-19-2-300x200.jpg 300w, https:\/\/senniaf.gob.pa\/wp-content\/uploads\/2020\/08\/PHOTO-2020-08-27-11-52-19-2-400x266.jpg 400w, https:\/\/senniaf.gob.pa\/wp-content\/uploads\/2020\/08\/PHOTO-2020-08-27-11-52-19-2-600x400.jpg 600w, https:\/\/senniaf.gob.pa\/wp-content\/uploads\/2020\/08\/PHOTO-2020-08-27-11-52-19-2-768x512.jpg 768w, https:\/\/senniaf.gob.pa\/wp-content\/uploads\/2020\/08\/PHOTO-2020-08-27-11-52-19-2-800x533.jpg 800w, https:\/\/senniaf.gob.pa\/wp-content\/uploads\/2020\/08\/PHOTO-2020-08-27-11-52-19-2.jpg 1024w\" sizes=\"(max-width: 300px) 100vw, 300px\" \/><\/a>\n\t\t\t<\/dt><\/dl><br style=\"clear: both\" \/><dl class='gallery-item'>\n\t\t\t<dt class='gallery-icon landscape'>\n\t\t\t\t<a data-rel=\"iLightbox[postimages]\" data-title=\"\" data-caption=\"\" href='https:\/\/senniaf.gob.pa\/?attachment_id=16814'><img decoding=\"async\" width=\"300\" height=\"200\" src=\"https:\/\/senniaf.gob.pa\/wp-content\/uploads\/2020\/08\/PHOTO-2020-08-27-11-52-19-1-300x200.jpg\" class=\"attachment-medium size-medium\" alt=\"\" srcset=\"https:\/\/senniaf.gob.pa\/wp-content\/uploads\/2020\/08\/PHOTO-2020-08-27-11-52-19-1-200x133.jpg 200w, https:\/\/senniaf.gob.pa\/wp-content\/uploads\/2020\/08\/PHOTO-2020-08-27-11-52-19-1-300x200.jpg 300w, https:\/\/senniaf.gob.pa\/wp-content\/uploads\/2020\/08\/PHOTO-2020-08-27-11-52-19-1-400x266.jpg 400w, https:\/\/senniaf.gob.pa\/wp-content\/uploads\/2020\/08\/PHOTO-2020-08-27-11-52-19-1-600x400.jpg 600w, https:\/\/senniaf.gob.pa\/wp-content\/uploads\/2020\/08\/PHOTO-2020-08-27-11-52-19-1-768x512.jpg 768w, https:\/\/senniaf.gob.pa\/wp-content\/uploads\/2020\/08\/PHOTO-2020-08-27-11-52-19-1-800x533.jpg 800w, https:\/\/senniaf.gob.pa\/wp-content\/uploads\/2020\/08\/PHOTO-2020-08-27-11-52-19-1.jpg 1024w\" sizes=\"(max-width: 300px) 100vw, 300px\" \/><\/a>\n\t\t\t<\/dt><\/dl><br style=\"clear: both\" \/><dl class='gallery-item'>\n\t\t\t<dt class='gallery-icon landscape'>\n\t\t\t\t<a data-rel=\"iLightbox[postimages]\" data-title=\"\" data-caption=\"\" href='https:\/\/senniaf.gob.pa\/?attachment_id=16815'><img loading=\"lazy\" decoding=\"async\" width=\"300\" height=\"200\" src=\"https:\/\/senniaf.gob.pa\/wp-content\/uploads\/2020\/08\/PHOTO-2020-08-27-11-52-19-300x200.jpg\" class=\"attachment-medium size-medium\" alt=\"\" srcset=\"https:\/\/senniaf.gob.pa\/wp-content\/uploads\/2020\/08\/PHOTO-2020-08-27-11-52-19-200x133.jpg 200w, https:\/\/senniaf.gob.pa\/wp-content\/uploads\/2020\/08\/PHOTO-2020-08-27-11-52-19-300x200.jpg 300w, https:\/\/senniaf.gob.pa\/wp-content\/uploads\/2020\/08\/PHOTO-2020-08-27-11-52-19-400x266.jpg 400w, https:\/\/senniaf.gob.pa\/wp-content\/uploads\/2020\/08\/PHOTO-2020-08-27-11-52-19-600x400.jpg 600w, https:\/\/senniaf.gob.pa\/wp-content\/uploads\/2020\/08\/PHOTO-2020-08-27-11-52-19-768x512.jpg 768w, https:\/\/senniaf.gob.pa\/wp-content\/uploads\/2020\/08\/PHOTO-2020-08-27-11-52-19-800x533.jpg 800w, https:\/\/senniaf.gob.pa\/wp-content\/uploads\/2020\/08\/PHOTO-2020-08-27-11-52-19.jpg 1024w\" sizes=\"(max-width: 300px) 100vw, 300px\" \/><\/a>\n\t\t\t<\/dt><\/dl><br style=\"clear: both\" \/>\n\t\t<\/div>\n\n","protected":false},"excerpt":{"rendered":"<p>Unidos lo Hacemos por la primera infancia, Hoy participamos junto al Ministerio de Desarrollo Social, Ministerio de Educaci\u00f3n, Ministerio de Salud, de la discusi\u00f3n en primer debate del proyecto de ley No. 155 &#8220;De la Protecci\u00f3n a la Primera Infancia y Desarrollo Infantil Temprano&#8221;, siendo aprobado en primer debate por la Comisi\u00f3n de la Mujer, [&hellip;]<\/p>\n","protected":false},"author":6,"featured_media":16814,"comment_status":"open","ping_status":"open","sticky":false,"template":"","format":"standard","meta":{"_exactmetrics_skip_tracking":false,"_exactmetrics_sitenote_active":false,"_exactmetrics_sitenote_note":"","_exactmetrics_sitenote_category":0,"_monsterinsights_skip_tracking":false,"_monsterinsights_sitenote_active":false,"_monsterinsights_sitenote_note":"","_monsterinsights_sitenote_category":0,"footnotes":""},"categories":[6,46,9],"tags":[],"class_list":["post-16811","post","type-post","status-publish","format-standard","has-post-thumbnail","hentry","category-noticias","category-noticias-covid-19","category-noticias-recientes"],"aioseo_notices":[],"_links":{"self":[{"href":"https:\/\/senniaf.gob.pa\/index.php?rest_route=\/wp\/v2\/posts\/16811","targetHints":{"allow":["GET"]}}],"collection":[{"href":"https:\/\/senniaf.gob.pa\/index.php?rest_route=\/wp\/v2\/posts"}],"about":[{"href":"https:\/\/senniaf.gob.pa\/index.php?rest_route=\/wp\/v2\/types\/post"}],"author":[{"embeddable":true,"href":"https:\/\/senniaf.gob.pa\/index.php?rest_route=\/wp\/v2\/users\/6"}],"replies":[{"embeddable":true,"href":"https:\/\/senniaf.gob.pa\/index.php?rest_route=%2Fwp%2Fv2%2Fcomments&post=16811"}],"version-history":[{"count":1,"href":"https:\/\/senniaf.gob.pa\/index.php?rest_route=\/wp\/v2\/posts\/16811\/revisions"}],"predecessor-version":[{"id":16816,"href":"https:\/\/senniaf.gob.pa\/index.php?rest_route=\/wp\/v2\/posts\/16811\/revisions\/16816"}],"wp:featuredmedia":[{"embeddable":true,"href":"https:\/\/senniaf.gob.pa\/index.php?rest_route=\/wp\/v2\/media\/16814"}],"wp:attachment":[{"href":"https:\/\/senniaf.gob.pa\/index.php?rest_route=%2Fwp%2Fv2%2Fmedia&parent=16811"}],"wp:term":[{"taxonomy":"category","embeddable":true,"href":"https:\/\/senniaf.gob.pa\/index.php?rest_route=%2Fwp%2Fv2%2Fcategories&post=16811"},{"taxonomy":"post_tag","embeddable":true,"href":"https:\/\/senniaf.gob.pa\/index.php?rest_route=%2Fwp%2Fv2%2Ftags&post=16811"}],"curies":[{"name":"wp","href":"https:\/\/api.w.org\/{rel}","templated":true}]}}