{"id":16995,"date":"2020-10-27T18:32:22","date_gmt":"2020-10-27T18:32:22","guid":{"rendered":"https:\/\/senniaf.gob.pa\/?p=16995"},"modified":"2020-10-28T21:17:19","modified_gmt":"2020-10-28T21:17:19","slug":"senniaf-resalta-su-compromiso-con-la-ninez-panamena","status":"publish","type":"post","link":"https:\/\/senniaf.gob.pa\/?p=16995","title":{"rendered":"Senniaf resalta su compromiso con la ni\u00f1ez paname\u00f1a"},"content":{"rendered":"<p style=\"text-align: justify;\">Resaltando la actuaci\u00f3n institucional en tiempo de pandemia, condiciones, limitaciones y soluciones, la directora general de la Secretar\u00eda Nacional de Ni\u00f1ez, Adolescencia y Familia (Senniaf), Sara Rodr\u00edguez Su\u00e1rez, particip\u00f3 en el d\u00eda de hoy del VII Foro sobre los Derechos Humanos de las Ni\u00f1as en Panam\u00e1.<\/p>\n<p style=\"text-align: justify;\">En su intervenci\u00f3n la directora general, explic\u00f3 que en t\u00e9rminos de contexto pa\u00eds se presentan importantes desaf\u00edos, los cuales se est\u00e1n abordando de manera conjunta con diferentes intervenciones a nivel local y a nivel de pol\u00edtica p\u00fablica.<\/p>\n<p style=\"text-align: justify;\">Destac\u00f3 las recomendaciones del comit\u00e9 de los derechos del ni\u00f1o, al considerar los impactos sanitarios sociales, educativos y econ\u00f3micos que tiene la pandemia en los derechos de ni\u00f1o, ni\u00f1as y adolescentes. Activar medidas inmediatas para garantizar que todos los ni\u00f1os y ni\u00f1as reciban alimentos nutritivos. Como tambi\u00e9n asegurar el acceso al agua potable, mantener los servicios b\u00e1sicos, incluyendo la atenci\u00f3n m\u00e9dica, entre otros.<\/p>\n<p style=\"text-align: justify;\">Adem\u00e1s, resalt\u00f3 los servicios de atenci\u00f3n y protecci\u00f3n que tiene la Senniaf, como lo son, la l\u00ednea de asistencia psicol\u00f3gica \u201cT\u00eda Elaine\u201d, para menores de edad y adultos y la l\u00ednea de Protecci\u00f3n de Ni\u00f1ez.<\/p>\n<p>&nbsp;<\/p>\n\n\t\t<style type=\"text\/css\">\n\t\t\t#gallery-1 {\n\t\t\t\tmargin: auto;\n\t\t\t}\n\t\t\t#gallery-1 .gallery-item {\n\t\t\t\tfloat: left;\n\t\t\t\tmargin-top: 10px;\n\t\t\t\ttext-align: center;\n\t\t\t\twidth: 100%;\n\t\t\t}\n\t\t\t#gallery-1 img {\n\t\t\t\tborder: 2px solid #cfcfcf;\n\t\t\t}\n\t\t\t#gallery-1 .gallery-caption {\n\t\t\t\tmargin-left: 0;\n\t\t\t}\n\t\t\t\/* see gallery_shortcode() in wp-includes\/media.php *\/\n\t\t<\/style>\n\t\t<div id='gallery-1' class='gallery galleryid-16995 gallery-columns-1 gallery-size-medium'><dl class='gallery-item'>\n\t\t\t<dt class='gallery-icon landscape'>\n\t\t\t\t<a data-rel=\"iLightbox[postimages]\" data-title=\"\" data-caption=\"\" href='https:\/\/senniaf.gob.pa\/?attachment_id=16996'><img fetchpriority=\"high\" decoding=\"async\" width=\"300\" height=\"200\" src=\"https:\/\/senniaf.gob.pa\/wp-content\/uploads\/2020\/10\/PHOTO-2020-10-28-09-19-10-1-300x200.jpg\" class=\"attachment-medium size-medium\" alt=\"\" srcset=\"https:\/\/senniaf.gob.pa\/wp-content\/uploads\/2020\/10\/PHOTO-2020-10-28-09-19-10-1-200x133.jpg 200w, https:\/\/senniaf.gob.pa\/wp-content\/uploads\/2020\/10\/PHOTO-2020-10-28-09-19-10-1-300x200.jpg 300w, https:\/\/senniaf.gob.pa\/wp-content\/uploads\/2020\/10\/PHOTO-2020-10-28-09-19-10-1-400x267.jpg 400w, https:\/\/senniaf.gob.pa\/wp-content\/uploads\/2020\/10\/PHOTO-2020-10-28-09-19-10-1-600x400.jpg 600w, https:\/\/senniaf.gob.pa\/wp-content\/uploads\/2020\/10\/PHOTO-2020-10-28-09-19-10-1-768x512.jpg 768w, https:\/\/senniaf.gob.pa\/wp-content\/uploads\/2020\/10\/PHOTO-2020-10-28-09-19-10-1-800x533.jpg 800w, https:\/\/senniaf.gob.pa\/wp-content\/uploads\/2020\/10\/PHOTO-2020-10-28-09-19-10-1-1024x682.jpg 1024w, https:\/\/senniaf.gob.pa\/wp-content\/uploads\/2020\/10\/PHOTO-2020-10-28-09-19-10-1-1200x800.jpg 1200w, https:\/\/senniaf.gob.pa\/wp-content\/uploads\/2020\/10\/PHOTO-2020-10-28-09-19-10-1.jpg 1280w\" sizes=\"(max-width: 300px) 100vw, 300px\" \/><\/a>\n\t\t\t<\/dt><\/dl><br style=\"clear: both\" \/><dl class='gallery-item'>\n\t\t\t<dt class='gallery-icon landscape'>\n\t\t\t\t<a data-rel=\"iLightbox[postimages]\" data-title=\"\" data-caption=\"\" href='https:\/\/senniaf.gob.pa\/?attachment_id=16997'><img decoding=\"async\" width=\"300\" height=\"200\" src=\"https:\/\/senniaf.gob.pa\/wp-content\/uploads\/2020\/10\/PHOTO-2020-10-28-09-19-10-300x200.jpg\" class=\"attachment-medium size-medium\" alt=\"\" srcset=\"https:\/\/senniaf.gob.pa\/wp-content\/uploads\/2020\/10\/PHOTO-2020-10-28-09-19-10-200x133.jpg 200w, https:\/\/senniaf.gob.pa\/wp-content\/uploads\/2020\/10\/PHOTO-2020-10-28-09-19-10-300x200.jpg 300w, https:\/\/senniaf.gob.pa\/wp-content\/uploads\/2020\/10\/PHOTO-2020-10-28-09-19-10-400x267.jpg 400w, https:\/\/senniaf.gob.pa\/wp-content\/uploads\/2020\/10\/PHOTO-2020-10-28-09-19-10-600x400.jpg 600w, https:\/\/senniaf.gob.pa\/wp-content\/uploads\/2020\/10\/PHOTO-2020-10-28-09-19-10-768x512.jpg 768w, https:\/\/senniaf.gob.pa\/wp-content\/uploads\/2020\/10\/PHOTO-2020-10-28-09-19-10-800x533.jpg 800w, https:\/\/senniaf.gob.pa\/wp-content\/uploads\/2020\/10\/PHOTO-2020-10-28-09-19-10-1024x682.jpg 1024w, https:\/\/senniaf.gob.pa\/wp-content\/uploads\/2020\/10\/PHOTO-2020-10-28-09-19-10-1200x800.jpg 1200w, https:\/\/senniaf.gob.pa\/wp-content\/uploads\/2020\/10\/PHOTO-2020-10-28-09-19-10.jpg 1280w\" sizes=\"(max-width: 300px) 100vw, 300px\" \/><\/a>\n\t\t\t<\/dt><\/dl><br style=\"clear: both\" \/>\n\t\t<\/div>\n\n","protected":false},"excerpt":{"rendered":"<p>Resaltando la actuaci\u00f3n institucional en tiempo de pandemia, condiciones, limitaciones y soluciones, la directora general de la Secretar\u00eda Nacional de Ni\u00f1ez, Adolescencia y Familia (Senniaf), Sara Rodr\u00edguez Su\u00e1rez, particip\u00f3 en el d\u00eda de hoy del VII Foro sobre los Derechos Humanos de las Ni\u00f1as en Panam\u00e1. En su intervenci\u00f3n la directora general, explic\u00f3 que en [&hellip;]<\/p>\n","protected":false},"author":6,"featured_media":16998,"comment_status":"open","ping_status":"open","sticky":false,"template":"","format":"standard","meta":{"_exactmetrics_skip_tracking":false,"_exactmetrics_sitenote_active":false,"_exactmetrics_sitenote_note":"","_exactmetrics_sitenote_category":0,"_monsterinsights_skip_tracking":false,"_monsterinsights_sitenote_active":false,"_monsterinsights_sitenote_note":"","_monsterinsights_sitenote_category":0,"footnotes":""},"categories":[9,10,8],"tags":[],"class_list":["post-16995","post","type-post","status-publish","format-standard","has-post-thumbnail","hentry","category-noticias-recientes","category-otras-noticias","category-todas-las-noticias"],"aioseo_notices":[],"_links":{"self":[{"href":"https:\/\/senniaf.gob.pa\/index.php?rest_route=\/wp\/v2\/posts\/16995","targetHints":{"allow":["GET"]}}],"collection":[{"href":"https:\/\/senniaf.gob.pa\/index.php?rest_route=\/wp\/v2\/posts"}],"about":[{"href":"https:\/\/senniaf.gob.pa\/index.php?rest_route=\/wp\/v2\/types\/post"}],"author":[{"embeddable":true,"href":"https:\/\/senniaf.gob.pa\/index.php?rest_route=\/wp\/v2\/users\/6"}],"replies":[{"embeddable":true,"href":"https:\/\/senniaf.gob.pa\/index.php?rest_route=%2Fwp%2Fv2%2Fcomments&post=16995"}],"version-history":[{"count":2,"href":"https:\/\/senniaf.gob.pa\/index.php?rest_route=\/wp\/v2\/posts\/16995\/revisions"}],"predecessor-version":[{"id":17001,"href":"https:\/\/senniaf.gob.pa\/index.php?rest_route=\/wp\/v2\/posts\/16995\/revisions\/17001"}],"wp:featuredmedia":[{"embeddable":true,"href":"https:\/\/senniaf.gob.pa\/index.php?rest_route=\/wp\/v2\/media\/16998"}],"wp:attachment":[{"href":"https:\/\/senniaf.gob.pa\/index.php?rest_route=%2Fwp%2Fv2%2Fmedia&parent=16995"}],"wp:term":[{"taxonomy":"category","embeddable":true,"href":"https:\/\/senniaf.gob.pa\/index.php?rest_route=%2Fwp%2Fv2%2Fcategories&post=16995"},{"taxonomy":"post_tag","embeddable":true,"href":"https:\/\/senniaf.gob.pa\/index.php?rest_route=%2Fwp%2Fv2%2Ftags&post=16995"}],"curies":[{"name":"wp","href":"https:\/\/api.w.org\/{rel}","templated":true}]}}