{"id":18103,"date":"2021-05-05T21:48:21","date_gmt":"2021-05-05T21:48:21","guid":{"rendered":"https:\/\/senniaf.gob.pa\/?p=18103"},"modified":"2021-05-05T21:49:58","modified_gmt":"2021-05-05T21:49:58","slug":"senniaf-y-concejales-de-san-carlos-activaran-participacion-en-los-consejos-consultivos-de-ninez-y-adolescencia","status":"publish","type":"post","link":"https:\/\/senniaf.gob.pa\/?p=18103","title":{"rendered":"Senniaf y concejales de San Carlos activar\u00e1n participaci\u00f3n en los Consejos Consultivos de Ni\u00f1ez y Adolescencia"},"content":{"rendered":"<p style=\"text-align: justify;\">La direcci\u00f3n de Promoci\u00f3n de Derecho de la Secretar\u00eda Nacional de Ni\u00f1ez, Adolescencia y Familia (Senniaf) se present\u00f3 en cortes\u00eda de sala en el Consejo Municipal de San Carlos, con el objetivo de reforzar de manera conjunta con los concejales la participaci\u00f3n de los ni\u00f1os, ni\u00f1as y adolescentes en los Consejos Consultivos.<\/p>\n<p style=\"text-align: justify;\">En su intervenci\u00f3n, la directora de Promoci\u00f3n de Derecho de la Senniaf, M\u00f3nica Villalaz, enfatiz\u00f3 que los Consejos Consultivos de Ni\u00f1ez y Adolescencia, son un espacio de participaci\u00f3n, consulta e incidencia, representando un paso en la articulaci\u00f3n y la correlaci\u00f3n armoniosa entre el Estado y la sociedad.<\/p>\n<p style=\"text-align: justify;\">Agreg\u00f3 que es un mecanismo de participaci\u00f3n y representaci\u00f3n de los ni\u00f1os, ni\u00f1as y adolescentes dentro de un municipio determinado, que encuentra su fundamentaci\u00f3n en la Convenci\u00f3n sobre los Derechos del Ni\u00f1o.<\/p>\n<p style=\"text-align: justify;\">Los concejales presentes manifestaron su apoyo en reforzar el trabajo que se realiza con los Consejos Consultivos de Ni\u00f1ez y Adolescencia, poni\u00e9ndose a disposici\u00f3n para seguir colaborando con la juventud de la comunidad.<\/p>\n<p style=\"text-align: justify;\">Actualmente tenemos tres Consejos Consultivos de Ni\u00f1ez y Adolescencia instalados en Col\u00f3n, Panam\u00e1 y San Carlos.<\/p>\n","protected":false},"excerpt":{"rendered":"<p>La direcci\u00f3n de Promoci\u00f3n de Derecho de la Secretar\u00eda Nacional de Ni\u00f1ez, Adolescencia y Familia (Senniaf) se present\u00f3 en cortes\u00eda de sala en el Consejo Municipal de San Carlos, con el objetivo de reforzar de manera conjunta con los concejales la participaci\u00f3n de los ni\u00f1os, ni\u00f1as y adolescentes en los Consejos Consultivos. En su intervenci\u00f3n, [&hellip;]<\/p>\n","protected":false},"author":6,"featured_media":18104,"comment_status":"open","ping_status":"open","sticky":false,"template":"","format":"standard","meta":{"_exactmetrics_skip_tracking":false,"_exactmetrics_sitenote_active":false,"_exactmetrics_sitenote_note":"","_exactmetrics_sitenote_category":0,"_monsterinsights_skip_tracking":false,"_monsterinsights_sitenote_active":false,"_monsterinsights_sitenote_note":"","_monsterinsights_sitenote_category":0,"footnotes":""},"categories":[40,6,5],"tags":[],"class_list":["post-18103","post","type-post","status-publish","format-standard","has-post-thumbnail","hentry","category-notas-de-prensa","category-noticias","category-sala-de-prensa"],"aioseo_notices":[],"_links":{"self":[{"href":"https:\/\/senniaf.gob.pa\/index.php?rest_route=\/wp\/v2\/posts\/18103","targetHints":{"allow":["GET"]}}],"collection":[{"href":"https:\/\/senniaf.gob.pa\/index.php?rest_route=\/wp\/v2\/posts"}],"about":[{"href":"https:\/\/senniaf.gob.pa\/index.php?rest_route=\/wp\/v2\/types\/post"}],"author":[{"embeddable":true,"href":"https:\/\/senniaf.gob.pa\/index.php?rest_route=\/wp\/v2\/users\/6"}],"replies":[{"embeddable":true,"href":"https:\/\/senniaf.gob.pa\/index.php?rest_route=%2Fwp%2Fv2%2Fcomments&post=18103"}],"version-history":[{"count":1,"href":"https:\/\/senniaf.gob.pa\/index.php?rest_route=\/wp\/v2\/posts\/18103\/revisions"}],"predecessor-version":[{"id":18108,"href":"https:\/\/senniaf.gob.pa\/index.php?rest_route=\/wp\/v2\/posts\/18103\/revisions\/18108"}],"wp:featuredmedia":[{"embeddable":true,"href":"https:\/\/senniaf.gob.pa\/index.php?rest_route=\/wp\/v2\/media\/18104"}],"wp:attachment":[{"href":"https:\/\/senniaf.gob.pa\/index.php?rest_route=%2Fwp%2Fv2%2Fmedia&parent=18103"}],"wp:term":[{"taxonomy":"category","embeddable":true,"href":"https:\/\/senniaf.gob.pa\/index.php?rest_route=%2Fwp%2Fv2%2Fcategories&post=18103"},{"taxonomy":"post_tag","embeddable":true,"href":"https:\/\/senniaf.gob.pa\/index.php?rest_route=%2Fwp%2Fv2%2Ftags&post=18103"}],"curies":[{"name":"wp","href":"https:\/\/api.w.org\/{rel}","templated":true}]}}