{"id":18140,"date":"2021-05-13T16:51:23","date_gmt":"2021-05-13T16:51:23","guid":{"rendered":"https:\/\/senniaf.gob.pa\/?p=18140"},"modified":"2021-05-13T16:51:23","modified_gmt":"2021-05-13T16:51:23","slug":"centro-transitorio-de-la-senniaf-ha-brindado-ayuda-y-atencion-a-120-ninos-en-un-ano","status":"publish","type":"post","link":"https:\/\/senniaf.gob.pa\/?p=18140","title":{"rendered":"Centro transitorio de la Senniaf ha brindado ayuda y atenci\u00f3n a 120 ni\u00f1os en un a\u00f1o"},"content":{"rendered":"<p style=\"text-align: justify;\">Unos 120 ni\u00f1os, ni\u00f1as y adolescentes han sido atendidos en el Centro de Protecci\u00f3n, La Casita de Amador, hogar transitorio que en este momento alberga a seis ni\u00f1as y tres varones y que esta semana cumpli\u00f3 un a\u00f1o de servicio a la comunidad.<\/p>\n<p style=\"text-align: justify;\">La Directora General de la Secretaria Nacional de Ni\u00f1ez, Adolescencia y Familia (Senniaf), Graciela Mauad, visit\u00f3 el lugar, para celebrar junto a los ni\u00f1os el primer aniversario de creaci\u00f3n de este Centro de Estancia y Atenci\u00f3n.<\/p>\n<p style=\"text-align: justify;\">El coordinador del centro Cristhian Guerra dijo que todos los ni\u00f1os que han estado en este lugar de protecci\u00f3n han recibido ayuda psicol\u00f3gica, terapias, atenci\u00f3n de enfermer\u00eda y m\u00e9dica, adem\u00e1s de compartir en actividades recreativas.<\/p>\n<p style=\"text-align: justify;\">Para celebrar el primer a\u00f1o se realiz\u00f3 un brindis en donde los ni\u00f1os desfilaron con carteles alusivos a los buenos valores, adem\u00e1s de recitar poes\u00edas y cantar canciones positivas de est\u00edmulo, demostrando con ello la felicidad que reina en sus corazones.<\/p>\n<p style=\"text-align: justify;\">Mauad, agradeci\u00f3 al personal, el arduo trabajo que realizan en beneficio de los ni\u00f1os, ni\u00f1as y adolescentes y por el rol de madres que muchas veces tienen que desempe\u00f1ar en este hogar transitorio.<\/p>\n<p style=\"text-align: justify;\">En el \u00e1gape tambi\u00e9n estuvo presente la subdirectora, Marlin Tello, quien comparti\u00f3 con los ni\u00f1os, d\u00e1ndoles consejos y algunas palabras de motivaci\u00f3n a los nueve integrantes de este centro de corta estancia.<\/p>\n<p style=\"text-align: justify;\">Durante la actividad tambi\u00e9n se resalt\u00f3 el trabajo voluntario que realiza Kirk Antonio Jones, conocido entre los ni\u00f1os como T\u00edo Tony, quien una vez a la semana organiza actividades recreativas, adem\u00e1s de brindarles clases de m\u00fasica e historias b\u00edblicas para la bendici\u00f3n de Dios.<\/p>\n","protected":false},"excerpt":{"rendered":"<p>Unos 120 ni\u00f1os, ni\u00f1as y adolescentes han sido atendidos en el Centro de Protecci\u00f3n, La Casita de Amador, hogar transitorio que en este momento alberga a seis ni\u00f1as y tres varones y que esta semana cumpli\u00f3 un a\u00f1o de servicio a la comunidad. La Directora General de la Secretaria Nacional de Ni\u00f1ez, Adolescencia y Familia [&hellip;]<\/p>\n","protected":false},"author":6,"featured_media":18143,"comment_status":"open","ping_status":"open","sticky":false,"template":"","format":"standard","meta":{"_exactmetrics_skip_tracking":false,"_exactmetrics_sitenote_active":false,"_exactmetrics_sitenote_note":"","_exactmetrics_sitenote_category":0,"_monsterinsights_skip_tracking":false,"_monsterinsights_sitenote_active":false,"_monsterinsights_sitenote_note":"","_monsterinsights_sitenote_category":0,"footnotes":""},"categories":[40,6,5],"tags":[],"class_list":["post-18140","post","type-post","status-publish","format-standard","has-post-thumbnail","hentry","category-notas-de-prensa","category-noticias","category-sala-de-prensa"],"aioseo_notices":[],"_links":{"self":[{"href":"https:\/\/senniaf.gob.pa\/index.php?rest_route=\/wp\/v2\/posts\/18140","targetHints":{"allow":["GET"]}}],"collection":[{"href":"https:\/\/senniaf.gob.pa\/index.php?rest_route=\/wp\/v2\/posts"}],"about":[{"href":"https:\/\/senniaf.gob.pa\/index.php?rest_route=\/wp\/v2\/types\/post"}],"author":[{"embeddable":true,"href":"https:\/\/senniaf.gob.pa\/index.php?rest_route=\/wp\/v2\/users\/6"}],"replies":[{"embeddable":true,"href":"https:\/\/senniaf.gob.pa\/index.php?rest_route=%2Fwp%2Fv2%2Fcomments&post=18140"}],"version-history":[{"count":1,"href":"https:\/\/senniaf.gob.pa\/index.php?rest_route=\/wp\/v2\/posts\/18140\/revisions"}],"predecessor-version":[{"id":18148,"href":"https:\/\/senniaf.gob.pa\/index.php?rest_route=\/wp\/v2\/posts\/18140\/revisions\/18148"}],"wp:featuredmedia":[{"embeddable":true,"href":"https:\/\/senniaf.gob.pa\/index.php?rest_route=\/wp\/v2\/media\/18143"}],"wp:attachment":[{"href":"https:\/\/senniaf.gob.pa\/index.php?rest_route=%2Fwp%2Fv2%2Fmedia&parent=18140"}],"wp:term":[{"taxonomy":"category","embeddable":true,"href":"https:\/\/senniaf.gob.pa\/index.php?rest_route=%2Fwp%2Fv2%2Fcategories&post=18140"},{"taxonomy":"post_tag","embeddable":true,"href":"https:\/\/senniaf.gob.pa\/index.php?rest_route=%2Fwp%2Fv2%2Ftags&post=18140"}],"curies":[{"name":"wp","href":"https:\/\/api.w.org\/{rel}","templated":true}]}}