{"id":18160,"date":"2021-05-15T21:25:51","date_gmt":"2021-05-15T21:25:51","guid":{"rendered":"https:\/\/senniaf.gob.pa\/?p=18160"},"modified":"2021-05-15T21:34:22","modified_gmt":"2021-05-15T21:34:22","slug":"senniaf-realiza-talleres-y-comparte-con-padres-e-hijos-en-el-dia-internacional-de-la-familia","status":"publish","type":"post","link":"https:\/\/senniaf.gob.pa\/?p=18160","title":{"rendered":"Senniaf realiza talleres y comparte con padres e hijos en el D\u00eda Internacional de la Familia"},"content":{"rendered":"<p style=\"text-align: justify;\">Conmemorando el 15 de mayo D\u00eda Internacional de la Familia, la Direcci\u00f3n de Fortalecimiento Familiar y Comunitario de la Secretar\u00eda Nacional de Ni\u00f1ez, Adolescencia y Familia (Senniaf), realiz\u00f3 varios talleres con algunas de las familias que son beneficiadas por la atenci\u00f3n primaria que realiza el departamento de Desarrollo Comunitario de la instituci\u00f3n.<\/p>\n<p style=\"text-align: justify;\">Entre los talleres que se realizaron est\u00e1n la Din\u00e1mica del Palo, el Tic Tac Toe \u201cX-0\u201d y la creaci\u00f3n de un \u00e1rbol de familia, entre otros.<\/p>\n<p style=\"text-align: justify;\">La actividad que se realiz\u00f3 en el Parque Omar, cont\u00f3 con la participaci\u00f3n de la Directora General de la Senniaf, Graciela Mauad y la Subdirectora General, Marlin Tello, quienes compartieron con las familias invitadas y el equipo t\u00e9cnico, formado por psic\u00f3logos y la coordinadora de Desarrollo Comunitario de la Direcci\u00f3n de Fortalecimiento Familiar y Comunitario de la Senniaf, Nidia Rodriguez.<\/p>\n<p style=\"text-align: justify;\">En sus palabras de bienvenida Mauad manifest\u00f3 que \u00e9ste tipo de actividades es parte del cambio que quiere hacer la entidad, para reforzar el n\u00facleo de la sociedad que es la familia, dando herramientas para que los padre e hijos puedan darse apoyo, un trato con respeto y que todos los integrantes se sientan amados, escuchados y valorados.<\/p>\n<p style=\"text-align: justify;\">Destac\u00f3 que es importante la transmisi\u00f3n de valores a los ni\u00f1os, ni\u00f1as y adolescentes, pero ello debe realizarse con el ejemplo. &#8220;Los padres y madres debemos ser un modelo a seguir para que nuestros hijos imiten estos valores y sea transmitido a otras generaciones, capaces de dar y recibir afecto, de cuidar a otros y que sean emp\u00e1ticos\u201d, dijo Mauad.<\/p>\n<p style=\"text-align: justify;\">\u201cLa familia es lo m\u00e1s importante que tenemos como sociedad y vamos a fortalecerla y a trabajar por ella, igualmente por todos los ni\u00f1os, ni\u00f1as y adolescentes estamos trabajando, por y para ustedes\u201d concluy\u00f3.<\/p>\n<p style=\"text-align: justify;\">Por su parte, la Subdirectora de la Senniaf, Marlin Tello, expres\u00f3 sentirse sumamente orgullosa de trabajar para todas las familias de Panam\u00e1.<\/p>\n<p style=\"text-align: justify;\">\u201cLa pandemia nos ha hecho reorganizarnos; sin embargo, nosotros, padres de familia, mam\u00e1, pap\u00e1, t\u00eda, t\u00edo, primos, siempre podemos influenciar a ese ni\u00f1o, ni\u00f1a o adolescente en cosas positivas, apoyados de los deportes y la recreaci\u00f3n, que son fundamental dentro del desarrollo de la infancia de la ni\u00f1ez\u201d, indic\u00f3 Tello.<\/p>\n<p style=\"text-align: justify;\">La Senniaf, en el D\u00eda Internacional de la Familia, reitera su compromiso en salvaguardar la seguridad de los ni\u00f1os, ni\u00f1as y adolescentes, y se mantiene brindando servicios de prevenci\u00f3n primaria y protecci\u00f3n, para asegurar su atenci\u00f3n integral.<\/p>\n","protected":false},"excerpt":{"rendered":"<p>Conmemorando el 15 de mayo D\u00eda Internacional de la Familia, la Direcci\u00f3n de Fortalecimiento Familiar y Comunitario de la Secretar\u00eda Nacional de Ni\u00f1ez, Adolescencia y Familia (Senniaf), realiz\u00f3 varios talleres con algunas de las familias que son beneficiadas por la atenci\u00f3n primaria que realiza el departamento de Desarrollo Comunitario de la instituci\u00f3n. Entre los talleres [&hellip;]<\/p>\n","protected":false},"author":6,"featured_media":18161,"comment_status":"open","ping_status":"open","sticky":false,"template":"","format":"standard","meta":{"_exactmetrics_skip_tracking":false,"_exactmetrics_sitenote_active":false,"_exactmetrics_sitenote_note":"","_exactmetrics_sitenote_category":0,"_monsterinsights_skip_tracking":false,"_monsterinsights_sitenote_active":false,"_monsterinsights_sitenote_note":"","_monsterinsights_sitenote_category":0,"footnotes":""},"categories":[40,6,5],"tags":[],"class_list":["post-18160","post","type-post","status-publish","format-standard","has-post-thumbnail","hentry","category-notas-de-prensa","category-noticias","category-sala-de-prensa"],"aioseo_notices":[],"_links":{"self":[{"href":"https:\/\/senniaf.gob.pa\/index.php?rest_route=\/wp\/v2\/posts\/18160","targetHints":{"allow":["GET"]}}],"collection":[{"href":"https:\/\/senniaf.gob.pa\/index.php?rest_route=\/wp\/v2\/posts"}],"about":[{"href":"https:\/\/senniaf.gob.pa\/index.php?rest_route=\/wp\/v2\/types\/post"}],"author":[{"embeddable":true,"href":"https:\/\/senniaf.gob.pa\/index.php?rest_route=\/wp\/v2\/users\/6"}],"replies":[{"embeddable":true,"href":"https:\/\/senniaf.gob.pa\/index.php?rest_route=%2Fwp%2Fv2%2Fcomments&post=18160"}],"version-history":[{"count":1,"href":"https:\/\/senniaf.gob.pa\/index.php?rest_route=\/wp\/v2\/posts\/18160\/revisions"}],"predecessor-version":[{"id":18166,"href":"https:\/\/senniaf.gob.pa\/index.php?rest_route=\/wp\/v2\/posts\/18160\/revisions\/18166"}],"wp:featuredmedia":[{"embeddable":true,"href":"https:\/\/senniaf.gob.pa\/index.php?rest_route=\/wp\/v2\/media\/18161"}],"wp:attachment":[{"href":"https:\/\/senniaf.gob.pa\/index.php?rest_route=%2Fwp%2Fv2%2Fmedia&parent=18160"}],"wp:term":[{"taxonomy":"category","embeddable":true,"href":"https:\/\/senniaf.gob.pa\/index.php?rest_route=%2Fwp%2Fv2%2Fcategories&post=18160"},{"taxonomy":"post_tag","embeddable":true,"href":"https:\/\/senniaf.gob.pa\/index.php?rest_route=%2Fwp%2Fv2%2Ftags&post=18160"}],"curies":[{"name":"wp","href":"https:\/\/api.w.org\/{rel}","templated":true}]}}