{"id":18167,"date":"2021-05-17T23:27:06","date_gmt":"2021-05-17T23:27:06","guid":{"rendered":"https:\/\/senniaf.gob.pa\/?p=18167"},"modified":"2021-05-18T15:40:11","modified_gmt":"2021-05-18T15:40:11","slug":"senniaf-y-senadis-reafirman-su-compromiso-con-los-adultos-con-discapacidad","status":"publish","type":"post","link":"https:\/\/senniaf.gob.pa\/?p=18167","title":{"rendered":"Senniaf y Senadis reafirman su compromiso con los adultos con discapacidad"},"content":{"rendered":"<p style=\"text-align: justify;\">La Directora General de la Secretar\u00eda Nacional de Ni\u00f1ez, Adolescencia y Familia (Senniaf), Graciela Mauad y la Directora General de la Secretar\u00eda Nacional de Discapacidad (Senadis), Donahy Raquel Shaud, realizaron un primer acercamiento para dar soluci\u00f3n a la poblaci\u00f3n adulta, mayor de 18 a\u00f1os, con discapacidad que se encuentra en los diferentes Centros de Protecci\u00f3n que hay a nivel Nacional.<\/p>\n<p style=\"text-align: justify;\">La poblaci\u00f3n que es de 27 mayores de 18 a\u00f1os con discapacidad, ser\u00e1n abordados para realizarles un informe y diagn\u00f3stico t\u00e9cnico que identifique la condici\u00f3n f\u00edsica y mental en que se encuentra cada uno.<\/p>\n<p style=\"text-align: justify;\">Mauad explic\u00f3 que \u201ccomo Senniaf, legalmente no podemos tener mayores de 18 a\u00f1os con ni\u00f1os, ni\u00f1as y adolescentes, porque los pone en una situaci\u00f3n de posible vulneraci\u00f3n de derechos\u201d.<\/p>\n<p style=\"text-align: justify;\">Resalt\u00f3 la necesidad de darle respuesta a los 27 adultos en condici\u00f3n de discapacidad, reubic\u00e1ndolos a fin de evitar situaciones irregulares.<\/p>\n<p style=\"text-align: justify;\">Por su parte Shaud, se mostr\u00f3 agradecida por el acercamiento, poni\u00e9ndose a disposici\u00f3n, y que como instituci\u00f3n hermana trabajar en conjunto y establecer el compromiso legal para dar respuesta a los adultos mayores con discapacidad que se encuentran en los Centros de Protecci\u00f3n.<\/p>\n<p style=\"text-align: justify;\">Ambas autoridades que estuvieron acompa\u00f1adas de su equipos legal y t\u00e9cnico, coincidieron que es un tema que se tiene que realizar en conjunto interinstitucionalmente con una hoja de ruta para reubicar a los mayores de 18 a\u00f1os con condici\u00f3n de discapacidad a lugares acorde a su necesidad.<\/p>\n","protected":false},"excerpt":{"rendered":"<p>La Directora General de la Secretar\u00eda Nacional de Ni\u00f1ez, Adolescencia y Familia (Senniaf), Graciela Mauad y la Directora General de la Secretar\u00eda Nacional de Discapacidad (Senadis), Donahy Raquel Shaud, realizaron un primer acercamiento para dar soluci\u00f3n a la poblaci\u00f3n adulta, mayor de 18 a\u00f1os, con discapacidad que se encuentra en los diferentes Centros de Protecci\u00f3n [&hellip;]<\/p>\n","protected":false},"author":6,"featured_media":18168,"comment_status":"open","ping_status":"open","sticky":false,"template":"","format":"standard","meta":{"_exactmetrics_skip_tracking":false,"_exactmetrics_sitenote_active":false,"_exactmetrics_sitenote_note":"","_exactmetrics_sitenote_category":0,"_monsterinsights_skip_tracking":false,"_monsterinsights_sitenote_active":false,"_monsterinsights_sitenote_note":"","_monsterinsights_sitenote_category":0,"footnotes":""},"categories":[40,6,5],"tags":[],"class_list":["post-18167","post","type-post","status-publish","format-standard","has-post-thumbnail","hentry","category-notas-de-prensa","category-noticias","category-sala-de-prensa"],"aioseo_notices":[],"_links":{"self":[{"href":"https:\/\/senniaf.gob.pa\/index.php?rest_route=\/wp\/v2\/posts\/18167","targetHints":{"allow":["GET"]}}],"collection":[{"href":"https:\/\/senniaf.gob.pa\/index.php?rest_route=\/wp\/v2\/posts"}],"about":[{"href":"https:\/\/senniaf.gob.pa\/index.php?rest_route=\/wp\/v2\/types\/post"}],"author":[{"embeddable":true,"href":"https:\/\/senniaf.gob.pa\/index.php?rest_route=\/wp\/v2\/users\/6"}],"replies":[{"embeddable":true,"href":"https:\/\/senniaf.gob.pa\/index.php?rest_route=%2Fwp%2Fv2%2Fcomments&post=18167"}],"version-history":[{"count":1,"href":"https:\/\/senniaf.gob.pa\/index.php?rest_route=\/wp\/v2\/posts\/18167\/revisions"}],"predecessor-version":[{"id":18173,"href":"https:\/\/senniaf.gob.pa\/index.php?rest_route=\/wp\/v2\/posts\/18167\/revisions\/18173"}],"wp:featuredmedia":[{"embeddable":true,"href":"https:\/\/senniaf.gob.pa\/index.php?rest_route=\/wp\/v2\/media\/18168"}],"wp:attachment":[{"href":"https:\/\/senniaf.gob.pa\/index.php?rest_route=%2Fwp%2Fv2%2Fmedia&parent=18167"}],"wp:term":[{"taxonomy":"category","embeddable":true,"href":"https:\/\/senniaf.gob.pa\/index.php?rest_route=%2Fwp%2Fv2%2Fcategories&post=18167"},{"taxonomy":"post_tag","embeddable":true,"href":"https:\/\/senniaf.gob.pa\/index.php?rest_route=%2Fwp%2Fv2%2Ftags&post=18167"}],"curies":[{"name":"wp","href":"https:\/\/api.w.org\/{rel}","templated":true}]}}