{"id":18183,"date":"2021-05-19T15:53:47","date_gmt":"2021-05-19T15:53:47","guid":{"rendered":"https:\/\/senniaf.gob.pa\/?p=18183"},"modified":"2021-05-19T16:41:04","modified_gmt":"2021-05-19T16:41:04","slug":"senniaf-y-aldeas-infantiles-sos-alinean-procesos","status":"publish","type":"post","link":"https:\/\/senniaf.gob.pa\/?p=18183","title":{"rendered":"Senniaf y Aldeas Infantiles SOS alinean procesos"},"content":{"rendered":"<p style=\"text-align: justify;\">La Directora General de la Senniaf, Graciela Mauad y la Directora Nacional de Aldeas Infantiles SOS Panam\u00e1, Meyl\u00edn Hern\u00e1ndez, se reunieron para alinear procesos y reforzar el trabajo que vienen realizando en conjunto para el bienestar de los ni\u00f1os, ni\u00f1as y adolescentes.<\/p>\n<p style=\"text-align: justify;\">En la reuni\u00f3n el equipo t\u00e9cnico de Aldeas Infantiles SOS Panam\u00e1, present\u00f3 un video organizacional plasmando el trabajo que hacen por la ni\u00f1ez que ha perdido el cuidado familiar o est\u00e1n en riesgo de perderlo, a vivir en una familia que les brinde amor, cuidado y protecci\u00f3n.<\/p>\n<p style=\"text-align: justify;\">La Senniaf, quien tiene una Casa de Acogida Transitoria en Aldeas Infantiles SOS Panam\u00e1, tiene como objetivo fortalecer el sistema de articulaci\u00f3n, ejecuci\u00f3n y seguimiento de pol\u00edticas, planes, programas, proyectos, acciones y medidas para la protecci\u00f3n de los derechos de la ni\u00f1ez y adolescencia.<\/p>\n","protected":false},"excerpt":{"rendered":"<p>La Directora General de la Senniaf, Graciela Mauad y la Directora Nacional de Aldeas Infantiles SOS Panam\u00e1, Meyl\u00edn Hern\u00e1ndez, se reunieron para alinear procesos y reforzar el trabajo que vienen realizando en conjunto para el bienestar de los ni\u00f1os, ni\u00f1as y adolescentes. En la reuni\u00f3n el equipo t\u00e9cnico de Aldeas Infantiles SOS Panam\u00e1, present\u00f3 un [&hellip;]<\/p>\n","protected":false},"author":6,"featured_media":18184,"comment_status":"open","ping_status":"open","sticky":false,"template":"","format":"standard","meta":{"_exactmetrics_skip_tracking":false,"_exactmetrics_sitenote_active":false,"_exactmetrics_sitenote_note":"","_exactmetrics_sitenote_category":0,"_monsterinsights_skip_tracking":false,"_monsterinsights_sitenote_active":false,"_monsterinsights_sitenote_note":"","_monsterinsights_sitenote_category":0,"footnotes":""},"categories":[40,6,5],"tags":[],"class_list":["post-18183","post","type-post","status-publish","format-standard","has-post-thumbnail","hentry","category-notas-de-prensa","category-noticias","category-sala-de-prensa"],"aioseo_notices":[],"_links":{"self":[{"href":"https:\/\/senniaf.gob.pa\/index.php?rest_route=\/wp\/v2\/posts\/18183","targetHints":{"allow":["GET"]}}],"collection":[{"href":"https:\/\/senniaf.gob.pa\/index.php?rest_route=\/wp\/v2\/posts"}],"about":[{"href":"https:\/\/senniaf.gob.pa\/index.php?rest_route=\/wp\/v2\/types\/post"}],"author":[{"embeddable":true,"href":"https:\/\/senniaf.gob.pa\/index.php?rest_route=\/wp\/v2\/users\/6"}],"replies":[{"embeddable":true,"href":"https:\/\/senniaf.gob.pa\/index.php?rest_route=%2Fwp%2Fv2%2Fcomments&post=18183"}],"version-history":[{"count":3,"href":"https:\/\/senniaf.gob.pa\/index.php?rest_route=\/wp\/v2\/posts\/18183\/revisions"}],"predecessor-version":[{"id":18190,"href":"https:\/\/senniaf.gob.pa\/index.php?rest_route=\/wp\/v2\/posts\/18183\/revisions\/18190"}],"wp:featuredmedia":[{"embeddable":true,"href":"https:\/\/senniaf.gob.pa\/index.php?rest_route=\/wp\/v2\/media\/18184"}],"wp:attachment":[{"href":"https:\/\/senniaf.gob.pa\/index.php?rest_route=%2Fwp%2Fv2%2Fmedia&parent=18183"}],"wp:term":[{"taxonomy":"category","embeddable":true,"href":"https:\/\/senniaf.gob.pa\/index.php?rest_route=%2Fwp%2Fv2%2Fcategories&post=18183"},{"taxonomy":"post_tag","embeddable":true,"href":"https:\/\/senniaf.gob.pa\/index.php?rest_route=%2Fwp%2Fv2%2Ftags&post=18183"}],"curies":[{"name":"wp","href":"https:\/\/api.w.org\/{rel}","templated":true}]}}