{"id":18212,"date":"2021-05-25T20:38:22","date_gmt":"2021-05-25T20:38:22","guid":{"rendered":"https:\/\/senniaf.gob.pa\/?p=18212"},"modified":"2021-05-25T20:38:53","modified_gmt":"2021-05-25T20:38:53","slug":"senniaf-refuerza-trabajo-de-supervision-con-visitas-a-centros-de-proteccion","status":"publish","type":"post","link":"https:\/\/senniaf.gob.pa\/?p=18212","title":{"rendered":"Senniaf refuerza trabajo de supervisi\u00f3n con visitas a Centros de Protecci\u00f3n"},"content":{"rendered":"<p>La Secretaria Nacional de Ni\u00f1ez, Adolescencia y Familia realiz\u00f3 una intensa gira de trabajo a dos provincias del interior del pa\u00eds, con el objetivo de reforzar el trabajo extramuros que realiza la instituci\u00f3n en beneficio de los ni\u00f1os, ni\u00f1as y adolescentes del pa\u00eds.<\/p>\n<p>La directora general, Graciela Mauad encabez\u00f3 la gira que contempl\u00f3 visitas a Centros de Protecci\u00f3n de las provincias de Cocl\u00e9 y Veraguas, lugar donde visit\u00f3 varios albergues, recibiendo y dando cari\u00f1o a los peque\u00f1os y adolescentes.<\/p>\n<p>\u201cEl trabajo intramuros es bueno pero el extra muro debemos reforzarlo\u2026 Cada ni\u00f1o que esta institucionalizado es un ser humano, con un coraz\u00f3n que late, tiene sue\u00f1os y miedos\u201d, destac\u00f3 Mauad durante la gira de trabajo al interior del pa\u00eds y a la sede regional de la Senniaf en la provincia de Veraguas.<\/p>\n<p>Explic\u00f3 que no es lo mismo ver expedientes de papeles fr\u00edos todos los d\u00edas, que el contacto humano cercano y ver en persona al ni\u00f1o a cuyo caso te refieres, conocer sus necesidades particulares y conectarse con el lado humano del trabajo que se hace d\u00eda a d\u00eda.<\/p>\n<p>Durante la gira se visit\u00f3 la Casa Hogar Beatriz Ja\u00e9n de Arosemena, en la provincia de Cocl\u00e9, acompa\u00f1ada de la Sub directora Marlin Tello quien tambi\u00e9n brind\u00f3 palabras de apoyo a los ni\u00f1os, ni\u00f1as y adolescentes y se reuni\u00f3 junto a la directora con los administradores de los Centros de Protecci\u00f3n.<\/p>\n<p>En la provincia de Veraguas se visit\u00f3 el Hogar Santa Isabel y posteriormente la Casa de Protecci\u00f3n de la Fundaci\u00f3n Ofrece un Hogar, Centro de Protecci\u00f3n donde se encuentran cinco ni\u00f1os y ocho ni\u00f1as.<\/p>\n<p>La gira culmin\u00f3 en la sede regional de la Provincia de Veraguas, lugar donde ambas funcionarias brindaron palabras de motivaci\u00f3n a los colaboradores de la entidad, quienes a su vez agradecieron la visita.<\/p>\n<p>El coordinador regional Harold Pineda quien estuvo presente durante toda la gira, dijo que es la primera vez que una directora de la Senniaf, los visita.<\/p>\n","protected":false},"excerpt":{"rendered":"<p>La Secretaria Nacional de Ni\u00f1ez, Adolescencia y Familia realiz\u00f3 una intensa gira de trabajo a dos provincias del interior del pa\u00eds, con el objetivo de reforzar el trabajo extramuros que realiza la instituci\u00f3n en beneficio de los ni\u00f1os, ni\u00f1as y adolescentes del pa\u00eds. La directora general, Graciela Mauad encabez\u00f3 la gira que contempl\u00f3 visitas a [&hellip;]<\/p>\n","protected":false},"author":6,"featured_media":18213,"comment_status":"open","ping_status":"open","sticky":false,"template":"","format":"standard","meta":{"_exactmetrics_skip_tracking":false,"_exactmetrics_sitenote_active":false,"_exactmetrics_sitenote_note":"","_exactmetrics_sitenote_category":0,"_monsterinsights_skip_tracking":false,"_monsterinsights_sitenote_active":false,"_monsterinsights_sitenote_note":"","_monsterinsights_sitenote_category":0,"footnotes":""},"categories":[6,9],"tags":[],"class_list":["post-18212","post","type-post","status-publish","format-standard","has-post-thumbnail","hentry","category-noticias","category-noticias-recientes"],"aioseo_notices":[],"_links":{"self":[{"href":"https:\/\/senniaf.gob.pa\/index.php?rest_route=\/wp\/v2\/posts\/18212","targetHints":{"allow":["GET"]}}],"collection":[{"href":"https:\/\/senniaf.gob.pa\/index.php?rest_route=\/wp\/v2\/posts"}],"about":[{"href":"https:\/\/senniaf.gob.pa\/index.php?rest_route=\/wp\/v2\/types\/post"}],"author":[{"embeddable":true,"href":"https:\/\/senniaf.gob.pa\/index.php?rest_route=\/wp\/v2\/users\/6"}],"replies":[{"embeddable":true,"href":"https:\/\/senniaf.gob.pa\/index.php?rest_route=%2Fwp%2Fv2%2Fcomments&post=18212"}],"version-history":[{"count":1,"href":"https:\/\/senniaf.gob.pa\/index.php?rest_route=\/wp\/v2\/posts\/18212\/revisions"}],"predecessor-version":[{"id":18219,"href":"https:\/\/senniaf.gob.pa\/index.php?rest_route=\/wp\/v2\/posts\/18212\/revisions\/18219"}],"wp:featuredmedia":[{"embeddable":true,"href":"https:\/\/senniaf.gob.pa\/index.php?rest_route=\/wp\/v2\/media\/18213"}],"wp:attachment":[{"href":"https:\/\/senniaf.gob.pa\/index.php?rest_route=%2Fwp%2Fv2%2Fmedia&parent=18212"}],"wp:term":[{"taxonomy":"category","embeddable":true,"href":"https:\/\/senniaf.gob.pa\/index.php?rest_route=%2Fwp%2Fv2%2Fcategories&post=18212"},{"taxonomy":"post_tag","embeddable":true,"href":"https:\/\/senniaf.gob.pa\/index.php?rest_route=%2Fwp%2Fv2%2Ftags&post=18212"}],"curies":[{"name":"wp","href":"https:\/\/api.w.org\/{rel}","templated":true}]}}