{"id":18225,"date":"2021-06-04T19:47:05","date_gmt":"2021-06-04T19:47:05","guid":{"rendered":"https:\/\/senniaf.gob.pa\/?p=18225"},"modified":"2021-06-04T19:47:05","modified_gmt":"2021-06-04T19:47:05","slug":"juramentan-a-miembros-del-consejo-nacional-de-la-ninez-y-adolescencia","status":"publish","type":"post","link":"https:\/\/senniaf.gob.pa\/?p=18225","title":{"rendered":"Juramentan a miembros del Consejo Nacional de la Ni\u00f1ez y adolescencia"},"content":{"rendered":"<p>Con el prop\u00f3sito de generar pol\u00edticas p\u00fablicas a favor de los ni\u00f1os, ni\u00f1as y adolescentes, se llev\u00f3 a cabo la instalaci\u00f3n del Consejo Nacional de Ni\u00f1ez y Adolescencia (CONA), evento en donde adem\u00e1s se escogi\u00f3 a los miembros de la Junta Directiva y se procedi\u00f3 con la juramentaci\u00f3n de todos los integrantes del organismo.<\/p>\n<p>Durante el acto que se realiz\u00f3 en el auditorio del Ministerio de Desarrollo Social (Mides), la directora de la Senniaf, Graciela Mauad enfatiz\u00f3 la importancia, de este espacio interinstitucional donde se llegar\u00e1 a consensos y propuestas en materia de protecci\u00f3n.<\/p>\n<p>A su vez, recalc\u00f3 el compromiso que tiene la Senniaf de trabajar por los ni\u00f1os, ni\u00f1as y adolescentes, traslad\u00e1ndonos de lo te\u00f3rico y las leyes, hacia las acciones.<\/p>\n<p>La Junta Directiva del CONA ser\u00e1 presidida por Mar\u00eda In\u00e9s Castillo, ministra del MIDES; Eduardo Leblanc Gonz\u00e1lez, Defensor del Pueblo como Vicepresidente; y la Secretaria T\u00e9cnica estar\u00e1 a cargo de la Senniaf.<\/p>\n<p>El CONA fue creado mediante Decreto Ejecutivo 16 de 23 de abril de 2019 y tiene como prop\u00f3sito servir como un \u00f3rgano consultivo y de coordinaci\u00f3n de las pol\u00edticas p\u00fablicas en materia de ni\u00f1ez y adolescencia y debe velar por el cumplimiento del Decreto Ejecutivo No. 16 de 23 de abril 2019.<\/p>\n","protected":false},"excerpt":{"rendered":"<p>Con el prop\u00f3sito de generar pol\u00edticas p\u00fablicas a favor de los ni\u00f1os, ni\u00f1as y adolescentes, se llev\u00f3 a cabo la instalaci\u00f3n del Consejo Nacional de Ni\u00f1ez y Adolescencia (CONA), evento en donde adem\u00e1s se escogi\u00f3 a los miembros de la Junta Directiva y se procedi\u00f3 con la juramentaci\u00f3n de todos los integrantes del organismo. Durante [&hellip;]<\/p>\n","protected":false},"author":6,"featured_media":18226,"comment_status":"open","ping_status":"open","sticky":false,"template":"","format":"standard","meta":{"_exactmetrics_skip_tracking":false,"_exactmetrics_sitenote_active":false,"_exactmetrics_sitenote_note":"","_exactmetrics_sitenote_category":0,"_monsterinsights_skip_tracking":false,"_monsterinsights_sitenote_active":false,"_monsterinsights_sitenote_note":"","_monsterinsights_sitenote_category":0,"footnotes":""},"categories":[6,9],"tags":[],"class_list":["post-18225","post","type-post","status-publish","format-standard","has-post-thumbnail","hentry","category-noticias","category-noticias-recientes"],"aioseo_notices":[],"_links":{"self":[{"href":"https:\/\/senniaf.gob.pa\/index.php?rest_route=\/wp\/v2\/posts\/18225","targetHints":{"allow":["GET"]}}],"collection":[{"href":"https:\/\/senniaf.gob.pa\/index.php?rest_route=\/wp\/v2\/posts"}],"about":[{"href":"https:\/\/senniaf.gob.pa\/index.php?rest_route=\/wp\/v2\/types\/post"}],"author":[{"embeddable":true,"href":"https:\/\/senniaf.gob.pa\/index.php?rest_route=\/wp\/v2\/users\/6"}],"replies":[{"embeddable":true,"href":"https:\/\/senniaf.gob.pa\/index.php?rest_route=%2Fwp%2Fv2%2Fcomments&post=18225"}],"version-history":[{"count":1,"href":"https:\/\/senniaf.gob.pa\/index.php?rest_route=\/wp\/v2\/posts\/18225\/revisions"}],"predecessor-version":[{"id":18236,"href":"https:\/\/senniaf.gob.pa\/index.php?rest_route=\/wp\/v2\/posts\/18225\/revisions\/18236"}],"wp:featuredmedia":[{"embeddable":true,"href":"https:\/\/senniaf.gob.pa\/index.php?rest_route=\/wp\/v2\/media\/18226"}],"wp:attachment":[{"href":"https:\/\/senniaf.gob.pa\/index.php?rest_route=%2Fwp%2Fv2%2Fmedia&parent=18225"}],"wp:term":[{"taxonomy":"category","embeddable":true,"href":"https:\/\/senniaf.gob.pa\/index.php?rest_route=%2Fwp%2Fv2%2Fcategories&post=18225"},{"taxonomy":"post_tag","embeddable":true,"href":"https:\/\/senniaf.gob.pa\/index.php?rest_route=%2Fwp%2Fv2%2Ftags&post=18225"}],"curies":[{"name":"wp","href":"https:\/\/api.w.org\/{rel}","templated":true}]}}