{"id":18237,"date":"2021-06-08T20:53:48","date_gmt":"2021-06-08T20:53:48","guid":{"rendered":"https:\/\/senniaf.gob.pa\/?p=18237"},"modified":"2021-06-08T20:53:48","modified_gmt":"2021-06-08T20:53:48","slug":"senniaf-dicta-curso-de-induccion-al-que-asiste-personal-de-todos-los-albergues-a-nivel-nacional","status":"publish","type":"post","link":"https:\/\/senniaf.gob.pa\/?p=18237","title":{"rendered":"Senniaf dicta curso de inducci\u00f3n al que asiste personal de todos los albergues a nivel nacional"},"content":{"rendered":"<p>Panam\u00e1, 8 de junio de 2021. La Secretar\u00eda Nacional de la Ni\u00f1ez, Adolescencia y Familia (Senniaf) realiz\u00f3 este lunes 7 de junio un curso de inducci\u00f3n al manejo de los albergues y protecci\u00f3n de la ni\u00f1ez, evento en el que participaron m\u00e1s de 99 personas y que se realiz\u00f3 en cumplimiento al decreto 404 de 30 de octubre de 2020, que regula la apertura y funcionamiento de los Centros de Protecci\u00f3n.<br \/>\nEn la jornada de inducci\u00f3n se abordaron temas de seguridad en los Centros de Protecci\u00f3n, el manejo de los expedientes, registro de informaci\u00f3n cl\u00ednica y de salud de los Ni\u00f1os Ni\u00f1as y Adolescentes (NNA), entre otros.<br \/>\nPersonal de los 52 Centros de Protecci\u00f3n existentes a nivel nacional, participaron en el seminario que se realiz\u00f3 a trav\u00e9s de plataformas virtuales y que busca el mejoramiento del funcionamiento de todos los albergues del pa\u00eds.<br \/>\nEl art\u00edculo 7 del decreto 404 establece los requisitos para obtener permiso de funcionamiento, normas que deben cumplir las personas jur\u00eddicas constituidas como organizaciones sin fines de lucro.<br \/>\nDe acuerdo a la norma vigente, es necesaria la aprobaci\u00f3n del curso de inducci\u00f3n al manejo de albergues y protecci\u00f3n de la ni\u00f1ez, documento expedido por la Senniaf o por una organizaci\u00f3n acreditada para tal fin.<br \/>\nLa directora de la Senniaf Graciela Mauad dijo que estos cursos de inducci\u00f3n se continuar\u00e1n dictado en cumplimiento al decreto 404, documento que regula la apertura y funcionamiento de los Centros de Protecci\u00f3n a nivel nacional.<\/p>\n","protected":false},"excerpt":{"rendered":"<p>Panam\u00e1, 8 de junio de 2021. La Secretar\u00eda Nacional de la Ni\u00f1ez, Adolescencia y Familia (Senniaf) realiz\u00f3 este lunes 7 de junio un curso de inducci\u00f3n al manejo de los albergues y protecci\u00f3n de la ni\u00f1ez, evento en el que participaron m\u00e1s de 99 personas y que se realiz\u00f3 en cumplimiento al decreto 404 de [&hellip;]<\/p>\n","protected":false},"author":6,"featured_media":18239,"comment_status":"open","ping_status":"open","sticky":false,"template":"","format":"standard","meta":{"_exactmetrics_skip_tracking":false,"_exactmetrics_sitenote_active":false,"_exactmetrics_sitenote_note":"","_exactmetrics_sitenote_category":0,"_monsterinsights_skip_tracking":false,"_monsterinsights_sitenote_active":false,"_monsterinsights_sitenote_note":"","_monsterinsights_sitenote_category":0,"footnotes":""},"categories":[6,9],"tags":[],"class_list":["post-18237","post","type-post","status-publish","format-standard","has-post-thumbnail","hentry","category-noticias","category-noticias-recientes"],"aioseo_notices":[],"_links":{"self":[{"href":"https:\/\/senniaf.gob.pa\/index.php?rest_route=\/wp\/v2\/posts\/18237","targetHints":{"allow":["GET"]}}],"collection":[{"href":"https:\/\/senniaf.gob.pa\/index.php?rest_route=\/wp\/v2\/posts"}],"about":[{"href":"https:\/\/senniaf.gob.pa\/index.php?rest_route=\/wp\/v2\/types\/post"}],"author":[{"embeddable":true,"href":"https:\/\/senniaf.gob.pa\/index.php?rest_route=\/wp\/v2\/users\/6"}],"replies":[{"embeddable":true,"href":"https:\/\/senniaf.gob.pa\/index.php?rest_route=%2Fwp%2Fv2%2Fcomments&post=18237"}],"version-history":[{"count":1,"href":"https:\/\/senniaf.gob.pa\/index.php?rest_route=\/wp\/v2\/posts\/18237\/revisions"}],"predecessor-version":[{"id":18240,"href":"https:\/\/senniaf.gob.pa\/index.php?rest_route=\/wp\/v2\/posts\/18237\/revisions\/18240"}],"wp:featuredmedia":[{"embeddable":true,"href":"https:\/\/senniaf.gob.pa\/index.php?rest_route=\/wp\/v2\/media\/18239"}],"wp:attachment":[{"href":"https:\/\/senniaf.gob.pa\/index.php?rest_route=%2Fwp%2Fv2%2Fmedia&parent=18237"}],"wp:term":[{"taxonomy":"category","embeddable":true,"href":"https:\/\/senniaf.gob.pa\/index.php?rest_route=%2Fwp%2Fv2%2Fcategories&post=18237"},{"taxonomy":"post_tag","embeddable":true,"href":"https:\/\/senniaf.gob.pa\/index.php?rest_route=%2Fwp%2Fv2%2Ftags&post=18237"}],"curies":[{"name":"wp","href":"https:\/\/api.w.org\/{rel}","templated":true}]}}