{"id":18259,"date":"2021-06-11T15:13:56","date_gmt":"2021-06-11T15:13:56","guid":{"rendered":"https:\/\/senniaf.gob.pa\/?p=18259"},"modified":"2021-06-11T15:13:56","modified_gmt":"2021-06-11T15:13:56","slug":"subdirectora-tello-se-reune-con-la-jefa-del-servicio-de-ninez-y-adolescencia-de-la-aeronaval","status":"publish","type":"post","link":"https:\/\/senniaf.gob.pa\/?p=18259","title":{"rendered":"Subdirectora Tello se re\u00fane con la jefa del  Servicio de Ni\u00f1ez y Adolescencia de la Aeronaval"},"content":{"rendered":"<p>La subdirectora de la Secretar\u00eda Nacional de Ni\u00f1ez, Adolescencia y Familia (SENNIAF), Marlin Tello y la Capit\u00e1n Darlenis Cerrud, jefa del Servicio de Ni\u00f1ez y Adolescencia, del Servicio Nacional Aeronaval, celebraron reuni\u00f3n con el objetivo de articular ideas en beneficio de los Ni\u00f1os Ni\u00f1as y Adolescentes (NNA), residentes en aquellos espacios terrestres, donde no existen autoridades de la Polic\u00eda Nacional, (islas, comarcas), \u00e1reas de dif\u00edcil acceso, a las cuales solo la Aeronaval, tiene acceso y brinda la seguridad.<\/p>\n<p>Durante el encuentro se concluye con el compromiso de que un equipo de la Senniaf, visitar\u00e1 en fecha pr\u00f3xima la isla Esmeralda, a fin de hacer un reconocimiento del \u00e1rea y analizar la viabilidad de trasladar los programas preventivos y de intervenci\u00f3n con los que cuenta esta secretar\u00eda y as\u00ed, beneficiar a la poblaci\u00f3n m\u00e1s vulnerable.<\/p>\n<p>En la reuni\u00f3n tambi\u00e9n estuvo presente C\u00e9sar P\u00e9rez, director de Atenci\u00f3n y Servicios Sociales y Preventivos, adem\u00e1s de M\u00f3nica Villalaz, Directora de Promoci\u00f3n de Derechos, as\u00ed como Olga Canova, Nidia Rodr\u00edguez y Salia Salazar.<\/p>\n<p>&nbsp;<\/p>\n","protected":false},"excerpt":{"rendered":"<p>La subdirectora de la Secretar\u00eda Nacional de Ni\u00f1ez, Adolescencia y Familia (SENNIAF), Marlin Tello y la Capit\u00e1n Darlenis Cerrud, jefa del Servicio de Ni\u00f1ez y Adolescencia, del Servicio Nacional Aeronaval, celebraron reuni\u00f3n con el objetivo de articular ideas en beneficio de los Ni\u00f1os Ni\u00f1as y Adolescentes (NNA), residentes en aquellos espacios terrestres, donde no existen [&hellip;]<\/p>\n","protected":false},"author":6,"featured_media":18261,"comment_status":"open","ping_status":"open","sticky":false,"template":"","format":"standard","meta":{"_exactmetrics_skip_tracking":false,"_exactmetrics_sitenote_active":false,"_exactmetrics_sitenote_note":"","_exactmetrics_sitenote_category":0,"_monsterinsights_skip_tracking":false,"_monsterinsights_sitenote_active":false,"_monsterinsights_sitenote_note":"","_monsterinsights_sitenote_category":0,"footnotes":""},"categories":[6,9],"tags":[],"class_list":["post-18259","post","type-post","status-publish","format-standard","has-post-thumbnail","hentry","category-noticias","category-noticias-recientes"],"aioseo_notices":[],"_links":{"self":[{"href":"https:\/\/senniaf.gob.pa\/index.php?rest_route=\/wp\/v2\/posts\/18259","targetHints":{"allow":["GET"]}}],"collection":[{"href":"https:\/\/senniaf.gob.pa\/index.php?rest_route=\/wp\/v2\/posts"}],"about":[{"href":"https:\/\/senniaf.gob.pa\/index.php?rest_route=\/wp\/v2\/types\/post"}],"author":[{"embeddable":true,"href":"https:\/\/senniaf.gob.pa\/index.php?rest_route=\/wp\/v2\/users\/6"}],"replies":[{"embeddable":true,"href":"https:\/\/senniaf.gob.pa\/index.php?rest_route=%2Fwp%2Fv2%2Fcomments&post=18259"}],"version-history":[{"count":1,"href":"https:\/\/senniaf.gob.pa\/index.php?rest_route=\/wp\/v2\/posts\/18259\/revisions"}],"predecessor-version":[{"id":18267,"href":"https:\/\/senniaf.gob.pa\/index.php?rest_route=\/wp\/v2\/posts\/18259\/revisions\/18267"}],"wp:featuredmedia":[{"embeddable":true,"href":"https:\/\/senniaf.gob.pa\/index.php?rest_route=\/wp\/v2\/media\/18261"}],"wp:attachment":[{"href":"https:\/\/senniaf.gob.pa\/index.php?rest_route=%2Fwp%2Fv2%2Fmedia&parent=18259"}],"wp:term":[{"taxonomy":"category","embeddable":true,"href":"https:\/\/senniaf.gob.pa\/index.php?rest_route=%2Fwp%2Fv2%2Fcategories&post=18259"},{"taxonomy":"post_tag","embeddable":true,"href":"https:\/\/senniaf.gob.pa\/index.php?rest_route=%2Fwp%2Fv2%2Ftags&post=18259"}],"curies":[{"name":"wp","href":"https:\/\/api.w.org\/{rel}","templated":true}]}}