{"id":18276,"date":"2021-06-29T15:42:20","date_gmt":"2021-06-29T15:42:20","guid":{"rendered":"https:\/\/senniaf.gob.pa\/?p=18276"},"modified":"2021-06-29T15:42:20","modified_gmt":"2021-06-29T15:42:20","slug":"directora-de-la-senniaf-propone-plan-integral-de-proteccion-a-los-nna","status":"publish","type":"post","link":"https:\/\/senniaf.gob.pa\/?p=18276","title":{"rendered":"Directora de la Senniaf propone plan integral de protecci\u00f3n a los NNA"},"content":{"rendered":"<p>La directora de la Secretar\u00eda Nacional de la Ni\u00f1ez, Adolescencia y Familia (Senniaf), Graciela Mauad, se\u00f1al\u00f3 que el problema que enfrentan los Ni\u00f1os Ni\u00f1as y Adolescentes es multicausal y complejo y para solucionarlo se requiere de la participaci\u00f3n de todos los sectores sociales.<\/p>\n<p>Asegur\u00f3 que durante mucho tiempo han existido organizaciones civiles y ciudadanos que se dedican d\u00eda y noche a brindar bienestar, luchado por volver este tema visible a trav\u00e9s de la promoci\u00f3n de una ley integral de protecci\u00f3n de los NNA, pero es importante \u201cque el tema siga siendo atendido y considerado prioritario por todos los sectores sociales\u201d.<\/p>\n<p>Sostiene que por tratarse de un problema integral, la soluci\u00f3n que se plantea tambi\u00e9n lo es, pero partiendo de cuatro pilares principales de acci\u00f3n: La promoci\u00f3n y defensa de los derechos de la ni\u00f1ez y adolescencia, fortalecimiento de la figura familiar a trav\u00e9s de programas y talleres, el trabajo mancomunado con el ministerio p\u00fablico y juzgados, as\u00ed como asumir un rol vigilante y formativo de los albergues junto a la promoci\u00f3n de alternativas de cuidado para aquellos que deban ser separados de sus familias.<\/p>\n<p>Este plan ser\u00e1 acompa\u00f1ado de alianzas con la sociedad civil e instituciones del Estado, as\u00ed como por una digitalizaci\u00f3n de la Secretar\u00eda porque \u201ces urgente que modernicemos la instituci\u00f3n y podamos crear un sistema electr\u00f3nico de gesti\u00f3n de casos, donde podamos saber con certeza todo lo referente a los casi 900 ni\u00f1os, ni\u00f1as y adolescentes que se encuentran bajo protecci\u00f3n del estado, desde sus generales, hasta su perfil de salud, educaci\u00f3n, alternativas familiares, estatus de su caso, etc\u201d.<\/p>\n<p>Mauad dijo que actualmente el promedio de tiempo que un menor de edad permanece institucionalizado es de 4 a 8 a\u00f1os, ni\u00f1os y ni\u00f1as que se vuelven adolescentes en esta condici\u00f3n, es por eso que mantiene que la sinergia m\u00e1s importante debe ocurrir con los Juzgados de Ni\u00f1ez y Adolescencia.<\/p>\n<p>La nueva directora de la Senniaf asumi\u00f3 las riendas de la instituci\u00f3n a mediados del mes de abril de 2021, luego de un concurso abierto convocado por el Gobierno y realizado por el Ministerio de Desarrollo Social (MIDES).<\/p>\n<p>\u201cYo pienso que, como autoridad central en materia de ni\u00f1ez, tenemos que asumir un rol formativo y de acompa\u00f1amiento a los albergues que les d\u00e9 las herramientas para poder sacar adelante el trabajo porque al final, los ni\u00f1os son responsabilidad de un pa\u00eds entero\u201d, sostuvo Mauad.<\/p>\n<p>Record\u00f3 que desde el 15 de junio inici\u00f3 el cronograma de visitas a los 52 Centros de Protecci\u00f3n regentados por Organizaciones No Gubernamentales (ONG), plan que permitir\u00e1 asistir por lo menos dos veces al a\u00f1o a cada centro de estancia a lo largo de toda la geograf\u00eda nacional.<\/p>\n<p>Panam\u00e1 29 de junio 2021<\/p>\n","protected":false},"excerpt":{"rendered":"<p>La directora de la Secretar\u00eda Nacional de la Ni\u00f1ez, Adolescencia y Familia (Senniaf), Graciela Mauad, se\u00f1al\u00f3 que el problema que enfrentan los Ni\u00f1os Ni\u00f1as y Adolescentes es multicausal y complejo y para solucionarlo se requiere de la participaci\u00f3n de todos los sectores sociales. Asegur\u00f3 que durante mucho tiempo han existido organizaciones civiles y ciudadanos que [&hellip;]<\/p>\n","protected":false},"author":6,"featured_media":18278,"comment_status":"open","ping_status":"open","sticky":false,"template":"","format":"standard","meta":{"_exactmetrics_skip_tracking":false,"_exactmetrics_sitenote_active":false,"_exactmetrics_sitenote_note":"","_exactmetrics_sitenote_category":0,"_monsterinsights_skip_tracking":false,"_monsterinsights_sitenote_active":false,"_monsterinsights_sitenote_note":"","_monsterinsights_sitenote_category":0,"footnotes":""},"categories":[1],"tags":[],"class_list":["post-18276","post","type-post","status-publish","format-standard","has-post-thumbnail","hentry","category-sin-categoria"],"aioseo_notices":[],"_links":{"self":[{"href":"https:\/\/senniaf.gob.pa\/index.php?rest_route=\/wp\/v2\/posts\/18276","targetHints":{"allow":["GET"]}}],"collection":[{"href":"https:\/\/senniaf.gob.pa\/index.php?rest_route=\/wp\/v2\/posts"}],"about":[{"href":"https:\/\/senniaf.gob.pa\/index.php?rest_route=\/wp\/v2\/types\/post"}],"author":[{"embeddable":true,"href":"https:\/\/senniaf.gob.pa\/index.php?rest_route=\/wp\/v2\/users\/6"}],"replies":[{"embeddable":true,"href":"https:\/\/senniaf.gob.pa\/index.php?rest_route=%2Fwp%2Fv2%2Fcomments&post=18276"}],"version-history":[{"count":1,"href":"https:\/\/senniaf.gob.pa\/index.php?rest_route=\/wp\/v2\/posts\/18276\/revisions"}],"predecessor-version":[{"id":18282,"href":"https:\/\/senniaf.gob.pa\/index.php?rest_route=\/wp\/v2\/posts\/18276\/revisions\/18282"}],"wp:featuredmedia":[{"embeddable":true,"href":"https:\/\/senniaf.gob.pa\/index.php?rest_route=\/wp\/v2\/media\/18278"}],"wp:attachment":[{"href":"https:\/\/senniaf.gob.pa\/index.php?rest_route=%2Fwp%2Fv2%2Fmedia&parent=18276"}],"wp:term":[{"taxonomy":"category","embeddable":true,"href":"https:\/\/senniaf.gob.pa\/index.php?rest_route=%2Fwp%2Fv2%2Fcategories&post=18276"},{"taxonomy":"post_tag","embeddable":true,"href":"https:\/\/senniaf.gob.pa\/index.php?rest_route=%2Fwp%2Fv2%2Ftags&post=18276"}],"curies":[{"name":"wp","href":"https:\/\/api.w.org\/{rel}","templated":true}]}}