{"id":18313,"date":"2021-07-08T14:29:51","date_gmt":"2021-07-08T14:29:51","guid":{"rendered":"https:\/\/senniaf.gob.pa\/?p=18313"},"modified":"2021-07-08T14:29:51","modified_gmt":"2021-07-08T14:29:51","slug":"junta-directiva-de-la-senniaf-se-reune-con-directora-mauad","status":"publish","type":"post","link":"https:\/\/senniaf.gob.pa\/?p=18313","title":{"rendered":"Junta Directiva de la Senniaf se re\u00fane con directora Mauad"},"content":{"rendered":"<p>La Junta Directiva de la Secretaria Nacional de Ni\u00f1ez, Adolescencia y Familia (Senniaf), se reuni\u00f3 para tratar temas concernientes a la labor que viene desarrollando la instituci\u00f3n en beneficio de los Ni\u00f1os, Ni\u00f1as y Adolescentes del pa\u00eds.<\/p>\n<p>La nueva Directora de la Senniaf, Graciela Mauad, junto a parte de su equipo explic\u00f3 el trabajo que est\u00e1 realizando y las visitas que efect\u00faa a los cincuenta y dos centros de protecci\u00f3n, centros de ayuda en \u00e9poca escolar y centros de nutrici\u00f3n a nivel nacional.<\/p>\n<p>Mauad dijo que el Comit\u00e9 de Supervisi\u00f3n ha visitado siete Centros, seg\u00fan mandato del decreto 404 de 30 de octubre de 2020, documento que regula la apertura y funcionamiento de los albergues para Ni\u00f1os, Ni\u00f1as y Adolescentes (NNA).<\/p>\n<p>Durante la reuni\u00f3n, los directivos solicitaron a las cuatro importantes direcciones t\u00e9cnicas de la entidad, emitir informes mensuales sobre la labor que vienen efectuando en beneficio de los NNA y tambi\u00e9n se pidi\u00f3 convocar las reuniones de directiva cada dos meses.<\/p>\n<p>La Senniaf es una entidad p\u00fablica descentralizada y especializada del Estado, responsable de coordinar, articular, ejecutar y dar seguimiento al cumplimiento de las pol\u00edticas de protecci\u00f3n integral de los derechos de la ni\u00f1ez y la adolescencia, creada mediante Ley N\u00b014 del 23 de enero de 2009.<\/p>\n<p>La instituci\u00f3n coordina, articula, ejecuta y da seguimiento al cumplimiento de las pol\u00edticas de protecci\u00f3n integral de los derechos de la ni\u00f1ez y adolescencia, a trav\u00e9s de la formulaci\u00f3n de planes, programas y medidas de protecci\u00f3n; con la participaci\u00f3n de entidades p\u00fablicas, organismos privados y la corresponsabilidad de la familia y la sociedad organizada.<\/p>\n<p>La reuni\u00f3n de Junta Directiva fue presidida por la ministra del Mides, Mar\u00eda In\u00e9s Castillo de Sanmart\u00edn, quien dio valiosos aportes.<\/p>\n","protected":false},"excerpt":{"rendered":"<p>La Junta Directiva de la Secretaria Nacional de Ni\u00f1ez, Adolescencia y Familia (Senniaf), se reuni\u00f3 para tratar temas concernientes a la labor que viene desarrollando la instituci\u00f3n en beneficio de los Ni\u00f1os, Ni\u00f1as y Adolescentes del pa\u00eds. La nueva Directora de la Senniaf, Graciela Mauad, junto a parte de su equipo explic\u00f3 el trabajo que [&hellip;]<\/p>\n","protected":false},"author":6,"featured_media":18316,"comment_status":"open","ping_status":"open","sticky":false,"template":"","format":"standard","meta":{"_exactmetrics_skip_tracking":false,"_exactmetrics_sitenote_active":false,"_exactmetrics_sitenote_note":"","_exactmetrics_sitenote_category":0,"_monsterinsights_skip_tracking":false,"_monsterinsights_sitenote_active":false,"_monsterinsights_sitenote_note":"","_monsterinsights_sitenote_category":0,"footnotes":""},"categories":[6,9],"tags":[],"class_list":["post-18313","post","type-post","status-publish","format-standard","has-post-thumbnail","hentry","category-noticias","category-noticias-recientes"],"aioseo_notices":[],"_links":{"self":[{"href":"https:\/\/senniaf.gob.pa\/index.php?rest_route=\/wp\/v2\/posts\/18313","targetHints":{"allow":["GET"]}}],"collection":[{"href":"https:\/\/senniaf.gob.pa\/index.php?rest_route=\/wp\/v2\/posts"}],"about":[{"href":"https:\/\/senniaf.gob.pa\/index.php?rest_route=\/wp\/v2\/types\/post"}],"author":[{"embeddable":true,"href":"https:\/\/senniaf.gob.pa\/index.php?rest_route=\/wp\/v2\/users\/6"}],"replies":[{"embeddable":true,"href":"https:\/\/senniaf.gob.pa\/index.php?rest_route=%2Fwp%2Fv2%2Fcomments&post=18313"}],"version-history":[{"count":1,"href":"https:\/\/senniaf.gob.pa\/index.php?rest_route=\/wp\/v2\/posts\/18313\/revisions"}],"predecessor-version":[{"id":18321,"href":"https:\/\/senniaf.gob.pa\/index.php?rest_route=\/wp\/v2\/posts\/18313\/revisions\/18321"}],"wp:featuredmedia":[{"embeddable":true,"href":"https:\/\/senniaf.gob.pa\/index.php?rest_route=\/wp\/v2\/media\/18316"}],"wp:attachment":[{"href":"https:\/\/senniaf.gob.pa\/index.php?rest_route=%2Fwp%2Fv2%2Fmedia&parent=18313"}],"wp:term":[{"taxonomy":"category","embeddable":true,"href":"https:\/\/senniaf.gob.pa\/index.php?rest_route=%2Fwp%2Fv2%2Fcategories&post=18313"},{"taxonomy":"post_tag","embeddable":true,"href":"https:\/\/senniaf.gob.pa\/index.php?rest_route=%2Fwp%2Fv2%2Ftags&post=18313"}],"curies":[{"name":"wp","href":"https:\/\/api.w.org\/{rel}","templated":true}]}}