{"id":18346,"date":"2021-07-13T20:50:05","date_gmt":"2021-07-13T20:50:05","guid":{"rendered":"https:\/\/senniaf.gob.pa\/?p=18346"},"modified":"2021-07-13T20:50:05","modified_gmt":"2021-07-13T20:50:05","slug":"senniaf-y-la-aeronaval-realizan-gira-de-prevencion-en-isla-del-rey","status":"publish","type":"post","link":"https:\/\/senniaf.gob.pa\/?p=18346","title":{"rendered":"Senniaf y la Aeronaval realizan gira de prevenci\u00f3n en Isla del Rey"},"content":{"rendered":"<p>La Secretaria Nacional de Ni\u00f1ez, adolescencia y Familia (Senniaf) en conjunto con el Servicio Nacional Aeronaval, realiz\u00f3 una gira de prevenci\u00f3n en la apartada comunidad La Esmeralda, en Isla del Rey, archipi\u00e9lago de las perlas.<\/p>\n<p>La gira la encabez\u00f3 la Direcci\u00f3n de Atenci\u00f3n y<br \/>\nServicios Sociales Preventivos y el departamento de Promoci\u00f3n de Derechos de la Senniaf, cuyos funcionarios impartieron talleres para ni\u00f1os de cuatro (4) a once (11) a\u00f1os y adolescentes de doce (12) a diecis\u00e9is (16), as\u00ed como a los padres de familia.<\/p>\n<p>Entre los temas abordados se encuentran la Convenci\u00f3n sobre los Derechos del Ni\u00f1o, el Libro de Ana, prevenci\u00f3n del consumo de drogas, violencia intrafamiliar, responsabilidad de padres y comunicaci\u00f3n asertiva.<\/p>\n<p>As\u00ed mismo, junto al equipo del Servicio Nacional Aeronaval, se entregaron bolsas de alimentos a los participantes.<\/p>\n<p>En el mes de junio, la subdirectora, Marlin Tello, recibi\u00f3 a la Capit\u00e1n Darlenis Cerrud, jefa del Servicio de Ni\u00f1ez y Adolescencia del Senan.<\/p>\n<p>En la Reuni\u00f3n se acord\u00f3 visitar la isla para llegar a la poblaci\u00f3n de ni\u00f1os, ni\u00f1as y adolescentes en comunidades de dif\u00edcil acceso y realizar un an\u00e1lisis de la situaci\u00f3n actual para llevar programas preventivos que beneficien el desarrollo integral.<\/p>\n","protected":false},"excerpt":{"rendered":"<p>La Secretaria Nacional de Ni\u00f1ez, adolescencia y Familia (Senniaf) en conjunto con el Servicio Nacional Aeronaval, realiz\u00f3 una gira de prevenci\u00f3n en la apartada comunidad La Esmeralda, en Isla del Rey, archipi\u00e9lago de las perlas. La gira la encabez\u00f3 la Direcci\u00f3n de Atenci\u00f3n y Servicios Sociales Preventivos y el departamento de Promoci\u00f3n de Derechos de [&hellip;]<\/p>\n","protected":false},"author":6,"featured_media":18347,"comment_status":"open","ping_status":"open","sticky":false,"template":"","format":"standard","meta":{"_exactmetrics_skip_tracking":false,"_exactmetrics_sitenote_active":false,"_exactmetrics_sitenote_note":"","_exactmetrics_sitenote_category":0,"_monsterinsights_skip_tracking":false,"_monsterinsights_sitenote_active":false,"_monsterinsights_sitenote_note":"","_monsterinsights_sitenote_category":0,"footnotes":""},"categories":[6,9,8],"tags":[],"class_list":["post-18346","post","type-post","status-publish","format-standard","has-post-thumbnail","hentry","category-noticias","category-noticias-recientes","category-todas-las-noticias"],"aioseo_notices":[],"_links":{"self":[{"href":"https:\/\/senniaf.gob.pa\/index.php?rest_route=\/wp\/v2\/posts\/18346","targetHints":{"allow":["GET"]}}],"collection":[{"href":"https:\/\/senniaf.gob.pa\/index.php?rest_route=\/wp\/v2\/posts"}],"about":[{"href":"https:\/\/senniaf.gob.pa\/index.php?rest_route=\/wp\/v2\/types\/post"}],"author":[{"embeddable":true,"href":"https:\/\/senniaf.gob.pa\/index.php?rest_route=\/wp\/v2\/users\/6"}],"replies":[{"embeddable":true,"href":"https:\/\/senniaf.gob.pa\/index.php?rest_route=%2Fwp%2Fv2%2Fcomments&post=18346"}],"version-history":[{"count":1,"href":"https:\/\/senniaf.gob.pa\/index.php?rest_route=\/wp\/v2\/posts\/18346\/revisions"}],"predecessor-version":[{"id":18351,"href":"https:\/\/senniaf.gob.pa\/index.php?rest_route=\/wp\/v2\/posts\/18346\/revisions\/18351"}],"wp:featuredmedia":[{"embeddable":true,"href":"https:\/\/senniaf.gob.pa\/index.php?rest_route=\/wp\/v2\/media\/18347"}],"wp:attachment":[{"href":"https:\/\/senniaf.gob.pa\/index.php?rest_route=%2Fwp%2Fv2%2Fmedia&parent=18346"}],"wp:term":[{"taxonomy":"category","embeddable":true,"href":"https:\/\/senniaf.gob.pa\/index.php?rest_route=%2Fwp%2Fv2%2Fcategories&post=18346"},{"taxonomy":"post_tag","embeddable":true,"href":"https:\/\/senniaf.gob.pa\/index.php?rest_route=%2Fwp%2Fv2%2Ftags&post=18346"}],"curies":[{"name":"wp","href":"https:\/\/api.w.org\/{rel}","templated":true}]}}