{"id":18403,"date":"2021-08-19T16:18:07","date_gmt":"2021-08-19T16:18:07","guid":{"rendered":"https:\/\/senniaf.gob.pa\/?p=18403"},"modified":"2021-08-19T16:18:07","modified_gmt":"2021-08-19T16:18:07","slug":"pasos-firmes-por-la-ninez-adolescencia-y-familia-panamena","status":"publish","type":"post","link":"https:\/\/senniaf.gob.pa\/?p=18403","title":{"rendered":"\u201cPasos firmes por la ni\u00f1ez, adolescencia y familia paname\u00f1a\u201d"},"content":{"rendered":"<p>Este martes 17 de agosto, en reuni\u00f3n de la sub-comisi\u00f3n de Ni\u00f1ez, Adolescencia y Familia de la Asamblea Nacional de Diputados se hicieron importantes aportes de los entes que participan en las pol\u00edticas de desarrollo integral, principalmente para fortalecer a la SENNIAF en su labor de prevenci\u00f3n, protecci\u00f3n, cuidado y desarrollo de los ni\u00f1os, ni\u00f1as y adolescentes.<\/p>\n<p>&nbsp;<\/p>\n<p>Intervenciones como la de la Magistrada del Tribunal Superior de Ni\u00f1ez y Adolescencia Judith Coss\u00fa, donde manifest\u00f3, con todos los argumentos legales, la importancia de fortalecer y empoderar las acciones de la SENNIAF como instituci\u00f3n, que realmente pueda actuar con celeridad en la atenci\u00f3n y protecci\u00f3n de los menores en riesgo principalmente.<\/p>\n<p>&nbsp;<\/p>\n<p>Desde la SENNIAF vemos con mucha esperanza y positivismo que las entidades y sociedad civil organizada, comiencen hacerse co-actores de esta Misi\u00f3n de fortalecer las instituciones que est\u00e1n llamadas a salvaguardar la Dignidad e integridad f\u00edsica y emocional de nuestros ni\u00f1os, ni\u00f1as y adolescentes.<\/p>\n<p>&nbsp;<\/p>\n<p>Queda tarea pendiente en seguir fortaleciendo junto a las comisionadas H.D Emelie Garc\u00eda Mir\u00f3 (Presidente de la Subcomisi\u00f3n) @emeisabelgarciamiro, HD Walkiria Chandler D\u00b4Orcy @walkiriachd y la HD Corina Cano @corinacanocordoba, las leyes, pol\u00edticas y estrategias en beneficio de los ni\u00f1os, ni\u00f1as y adolescentes de Panam\u00e1, como se plante\u00f3 la oportunidad de revisar y actualizar algunos art\u00edculos de la ley que rige a \u00a0esta entidad como tambi\u00e9n definir el perfil y requisitos de aquellos que ser\u00edan miembros \u00a0de la Junta Directiva de la SENNIAF.<\/p>\n<p>&nbsp;<\/p>\n<p>\u201cTodo lo que sea en pro de la instituci\u00f3n siempre se sumar\u00e1 y si esto da la oportunidad de mejorar la atenci\u00f3n a los NNA, bienvenido sea.\u201d Manifest\u00f3 la Directora General de la SENNIAF Graciela Mauad Ponce.<\/p>\n<p>&nbsp;<\/p>\n","protected":false},"excerpt":{"rendered":"<p>Este martes 17 de agosto, en reuni\u00f3n de la sub-comisi\u00f3n de Ni\u00f1ez, Adolescencia y Familia de la Asamblea Nacional de Diputados se hicieron importantes aportes de los entes que participan en las pol\u00edticas de desarrollo integral, principalmente para fortalecer a la SENNIAF en su labor de prevenci\u00f3n, protecci\u00f3n, cuidado y desarrollo de los ni\u00f1os, ni\u00f1as [&hellip;]<\/p>\n","protected":false},"author":6,"featured_media":18416,"comment_status":"open","ping_status":"open","sticky":false,"template":"","format":"standard","meta":{"_exactmetrics_skip_tracking":false,"_exactmetrics_sitenote_active":false,"_exactmetrics_sitenote_note":"","_exactmetrics_sitenote_category":0,"_monsterinsights_skip_tracking":false,"_monsterinsights_sitenote_active":false,"_monsterinsights_sitenote_note":"","_monsterinsights_sitenote_category":0,"footnotes":""},"categories":[40,6,9,8],"tags":[],"class_list":["post-18403","post","type-post","status-publish","format-standard","has-post-thumbnail","hentry","category-notas-de-prensa","category-noticias","category-noticias-recientes","category-todas-las-noticias"],"aioseo_notices":[],"_links":{"self":[{"href":"https:\/\/senniaf.gob.pa\/index.php?rest_route=\/wp\/v2\/posts\/18403","targetHints":{"allow":["GET"]}}],"collection":[{"href":"https:\/\/senniaf.gob.pa\/index.php?rest_route=\/wp\/v2\/posts"}],"about":[{"href":"https:\/\/senniaf.gob.pa\/index.php?rest_route=\/wp\/v2\/types\/post"}],"author":[{"embeddable":true,"href":"https:\/\/senniaf.gob.pa\/index.php?rest_route=\/wp\/v2\/users\/6"}],"replies":[{"embeddable":true,"href":"https:\/\/senniaf.gob.pa\/index.php?rest_route=%2Fwp%2Fv2%2Fcomments&post=18403"}],"version-history":[{"count":1,"href":"https:\/\/senniaf.gob.pa\/index.php?rest_route=\/wp\/v2\/posts\/18403\/revisions"}],"predecessor-version":[{"id":18421,"href":"https:\/\/senniaf.gob.pa\/index.php?rest_route=\/wp\/v2\/posts\/18403\/revisions\/18421"}],"wp:featuredmedia":[{"embeddable":true,"href":"https:\/\/senniaf.gob.pa\/index.php?rest_route=\/wp\/v2\/media\/18416"}],"wp:attachment":[{"href":"https:\/\/senniaf.gob.pa\/index.php?rest_route=%2Fwp%2Fv2%2Fmedia&parent=18403"}],"wp:term":[{"taxonomy":"category","embeddable":true,"href":"https:\/\/senniaf.gob.pa\/index.php?rest_route=%2Fwp%2Fv2%2Fcategories&post=18403"},{"taxonomy":"post_tag","embeddable":true,"href":"https:\/\/senniaf.gob.pa\/index.php?rest_route=%2Fwp%2Fv2%2Ftags&post=18403"}],"curies":[{"name":"wp","href":"https:\/\/api.w.org\/{rel}","templated":true}]}}