{"id":18425,"date":"2021-08-19T16:49:19","date_gmt":"2021-08-19T16:49:19","guid":{"rendered":"https:\/\/senniaf.gob.pa\/?p=18425"},"modified":"2021-08-19T16:49:19","modified_gmt":"2021-08-19T16:49:19","slug":"la-vocacion-y-el-amor-al-servicio-de-los-ninos-y-ninas-de-panama-es-fundamental-en-un-cuidador","status":"publish","type":"post","link":"https:\/\/senniaf.gob.pa\/?p=18425","title":{"rendered":"\u201cLa vocaci\u00f3n y el amor al servicio de los ni\u00f1os y ni\u00f1as de Panam\u00e1 es fundamental en un Cuidador\u201d"},"content":{"rendered":"<p>Uniendo fuerzas entre la Secretar\u00eda Nacional de Ni\u00f1ez, Adolescencia y Familia y la Organizaci\u00f3n Panamericana de la Salud (OPS) con el objetivo de brindarles herramientas y acompa\u00f1amiento formativo a m\u00e1s de 30 cuidadores de NNA, de diferentes centros de protecci\u00f3n de nuestro pa\u00eds, se present\u00f3 el Taller de Desarrollo de Habilidades Psicosociales y Autocuidado este mi\u00e9rcoles 18 de agosto iniciando a las 8.30 am con el acto inaugural en un Hotel de la localidad,\u00a0 estuvo presente la Directora General de la SENNIAF; Graciela Mauad Ponce acompa\u00f1ada en la mesa principal del representante de la OPS\/OMS el Dr. Gerardo Alfaro y el Presbitero Edgar Flores quien imparti\u00f3 la bendici\u00f3n e invocaci\u00f3n religiosa y as\u00ed dar inicio a las exposiciones de los conferencistas como la Dra. Ileana Brea, Dr. Frank Rodr\u00edguez y Dra Itzel Thomas en temas relacionados al trabajo que realizan incansablemente nuestros cuidadores:<\/p>\n<p>&nbsp;<\/p>\n<ol>\n<li>Desarrollo de Habilidades Psicosociales b\u00e1sicas<\/li>\n<li>Primera Ayuda Psicol\u00f3gica<\/li>\n<li>Autocuidado<\/li>\n<li>Hacer lo que importa en tiempo de estr\u00e9s.<\/li>\n<\/ol>\n<p>&nbsp;<\/p>\n<p>\u201cLos cuidadores y cuidadoras entran en el medio de la situaci\u00f3n que viven nuestros NNA como abandono, violencia, maltrato, con separaciones dolorosas donde estos colaboradores terminan representando para muchos de estos NNA una figura afectiva y de autoridad que llenan ese vac\u00edo\u201d dijo Mauad.<\/p>\n<p>&nbsp;<\/p>\n<p>El siguiente Taller con los mismos temas sin embargo con otro grupo de cuidadores para mantener los protocolos de bioseguridad se estar\u00e1 impartiendo el pr\u00f3ximo 25 de agosto.<\/p>\n<p>&nbsp;<\/p>\n<p>Finalmente la Directora de la SENNIAF Licda. Mauad, manifest\u00f3 estar convencida que con el compromiso de los cuidadores y la formaci\u00f3n t\u00e9cnica que reciban se podr\u00e1 rescatar la motivaci\u00f3n hacia la vocaci\u00f3n de servicio por quienes se encuentran m\u00e1s vulnerables, sigamos unidos por la ni\u00f1ez paname\u00f1a, puntualiz\u00f3.<\/p>\n","protected":false},"excerpt":{"rendered":"<p>Uniendo fuerzas entre la Secretar\u00eda Nacional de Ni\u00f1ez, Adolescencia y Familia y la Organizaci\u00f3n Panamericana de la Salud (OPS) con el objetivo de brindarles herramientas y acompa\u00f1amiento formativo a m\u00e1s de 30 cuidadores de NNA, de diferentes centros de protecci\u00f3n de nuestro pa\u00eds, se present\u00f3 el Taller de Desarrollo de Habilidades Psicosociales y Autocuidado este [&hellip;]<\/p>\n","protected":false},"author":6,"featured_media":18426,"comment_status":"open","ping_status":"open","sticky":false,"template":"","format":"standard","meta":{"_exactmetrics_skip_tracking":false,"_exactmetrics_sitenote_active":false,"_exactmetrics_sitenote_note":"","_exactmetrics_sitenote_category":0,"_monsterinsights_skip_tracking":false,"_monsterinsights_sitenote_active":false,"_monsterinsights_sitenote_note":"","_monsterinsights_sitenote_category":0,"footnotes":""},"categories":[40,6,9,8],"tags":[],"class_list":["post-18425","post","type-post","status-publish","format-standard","has-post-thumbnail","hentry","category-notas-de-prensa","category-noticias","category-noticias-recientes","category-todas-las-noticias"],"aioseo_notices":[],"_links":{"self":[{"href":"https:\/\/senniaf.gob.pa\/index.php?rest_route=\/wp\/v2\/posts\/18425","targetHints":{"allow":["GET"]}}],"collection":[{"href":"https:\/\/senniaf.gob.pa\/index.php?rest_route=\/wp\/v2\/posts"}],"about":[{"href":"https:\/\/senniaf.gob.pa\/index.php?rest_route=\/wp\/v2\/types\/post"}],"author":[{"embeddable":true,"href":"https:\/\/senniaf.gob.pa\/index.php?rest_route=\/wp\/v2\/users\/6"}],"replies":[{"embeddable":true,"href":"https:\/\/senniaf.gob.pa\/index.php?rest_route=%2Fwp%2Fv2%2Fcomments&post=18425"}],"version-history":[{"count":1,"href":"https:\/\/senniaf.gob.pa\/index.php?rest_route=\/wp\/v2\/posts\/18425\/revisions"}],"predecessor-version":[{"id":18431,"href":"https:\/\/senniaf.gob.pa\/index.php?rest_route=\/wp\/v2\/posts\/18425\/revisions\/18431"}],"wp:featuredmedia":[{"embeddable":true,"href":"https:\/\/senniaf.gob.pa\/index.php?rest_route=\/wp\/v2\/media\/18426"}],"wp:attachment":[{"href":"https:\/\/senniaf.gob.pa\/index.php?rest_route=%2Fwp%2Fv2%2Fmedia&parent=18425"}],"wp:term":[{"taxonomy":"category","embeddable":true,"href":"https:\/\/senniaf.gob.pa\/index.php?rest_route=%2Fwp%2Fv2%2Fcategories&post=18425"},{"taxonomy":"post_tag","embeddable":true,"href":"https:\/\/senniaf.gob.pa\/index.php?rest_route=%2Fwp%2Fv2%2Ftags&post=18425"}],"curies":[{"name":"wp","href":"https:\/\/api.w.org\/{rel}","templated":true}]}}