{"id":18455,"date":"2021-08-25T13:36:10","date_gmt":"2021-08-25T13:36:10","guid":{"rendered":"https:\/\/senniaf.gob.pa\/?p=18455"},"modified":"2021-08-25T13:36:10","modified_gmt":"2021-08-25T13:36:10","slug":"panama-24-de-agosto-de-2021-secretaria-nacional-de-ninez-adolescencia-y-familia","status":"publish","type":"post","link":"https:\/\/senniaf.gob.pa\/?p=18455","title":{"rendered":"Panam\u00e1, 24 de agosto de 2021  Secretaria Nacional de Ni\u00f1ez, Adolescencia y Familia"},"content":{"rendered":"<p>Informamos a los medios de prensa, (tv, escrita, radial y digital) como a la poblaci\u00f3n en general, que la Directora General\u00a0 de la Secretar\u00eda Nacional de Ni\u00f1ez, Adolescencia y Familia, Licenciada Graciela Mauad Ponce no pudo asistir a la invitaci\u00f3n dada por la Comisi\u00f3n de la Mujer, la Ni\u00f1ez, la Juventud y la Familia de la Asamblea Nacional de Diputados, ya que se encontraba atendiendo la situaci\u00f3n de ni\u00f1os, ni\u00f1as y adolescentes migrantes que recientemente ingresaron al territorio nacional, en la cual se necesitaba asegurar su protecci\u00f3n y derechos integrales, por lo que se procedi\u00f3 a la corroboraci\u00f3n de identidad de estos ni\u00f1os, ni\u00f1as y adolescentes migrantes que fueron separados de sus padres durante el recorrido por la espesa selva del Dari\u00e9n.<\/p>\n<p>&nbsp;<\/p>\n<p>Con relaci\u00f3n a las denuncias presentadas por Comisi\u00f3n de la Mujer, la Ni\u00f1ez, la Juventud y la Familia de la Asamblea Nacional de Diputados, cabe se\u00f1alar que las mismas son parte de un listado de <strong>8 denuncias<\/strong> que ya hab\u00edan sido interpuestas por <strong>la actual administraci\u00f3n,<\/strong> recordemos que trat\u00e1ndose de supuestos delitos, no corresponde a esta entidad la investigaci\u00f3n, sino al Ministerio P\u00fablico, tambi\u00e9n es importante se\u00f1alar que en el d\u00eda de hoy el Ministerio de Desarrollo Social (MIDES) procedi\u00f3 a darle seguimiento a estas denuncias, que en su mayor\u00eda son por supuesto maltrato o abuso.<\/p>\n<p>&nbsp;<\/p>\n<p>A continuaci\u00f3n, detallamos las fechas que fueron interpuestas las denuncias y resaltamos las que comunic\u00f3 la Comisi\u00f3n de la Asamblea Nacional de Diputados en el d\u00eda ayer ante el Ministerio de Desarrollo Social.<\/p>\n<p>&nbsp;<\/p>\n<table>\n<tbody>\n<tr>\n<td>Fechas<\/td>\n<\/tr>\n<tr>\n<td><strong>29 de mayo (2 casos)<\/strong><\/td>\n<\/tr>\n<tr>\n<td><strong>30 de mayo<\/strong><\/td>\n<\/tr>\n<tr>\n<td>1 de junio<\/td>\n<\/tr>\n<tr>\n<td>2 de junio<\/td>\n<\/tr>\n<tr>\n<td><strong>17 de junio<\/strong><\/td>\n<\/tr>\n<tr>\n<td>16 de julio<\/td>\n<\/tr>\n<tr>\n<td>19 de julio<\/td>\n<\/tr>\n<\/tbody>\n<\/table>\n<p>&nbsp;<\/p>\n<p>La Secretaria Nacional de Ni\u00f1ez, Adolescencia y Familia, reafirma su compromiso en garantizar\u00a0 la protecci\u00f3n, integridad, dignidad y derechos de los ni\u00f1os, ni\u00f1as y adolescentes que se encuentran en el territorio nacional, instamos a toda la poblaci\u00f3n general que hagan las denuncias respectivas cuando se atente contra la integridad f\u00edsica, mental y emocional de los NNA a las autoridades, para que se proceda con la debida protecci\u00f3n e investigaci\u00f3n del hecho.<\/p>\n<p>&nbsp;<\/p>\n<p>Direcci\u00f3n General<\/p>\n<p>SENNIAF<\/p>\n","protected":false},"excerpt":{"rendered":"<p>Informamos a los medios de prensa, (tv, escrita, radial y digital) como a la poblaci\u00f3n en general, que la Directora General\u00a0 de la Secretar\u00eda Nacional de Ni\u00f1ez, Adolescencia y Familia, Licenciada Graciela Mauad Ponce no pudo asistir a la invitaci\u00f3n dada por la Comisi\u00f3n de la Mujer, la Ni\u00f1ez, la Juventud y la Familia de [&hellip;]<\/p>\n","protected":false},"author":6,"featured_media":0,"comment_status":"open","ping_status":"open","sticky":false,"template":"","format":"standard","meta":{"_exactmetrics_skip_tracking":false,"_exactmetrics_sitenote_active":false,"_exactmetrics_sitenote_note":"","_exactmetrics_sitenote_category":0,"_monsterinsights_skip_tracking":false,"_monsterinsights_sitenote_active":false,"_monsterinsights_sitenote_note":"","_monsterinsights_sitenote_category":0,"footnotes":""},"categories":[6,9,8],"tags":[],"class_list":["post-18455","post","type-post","status-publish","format-standard","hentry","category-noticias","category-noticias-recientes","category-todas-las-noticias"],"aioseo_notices":[],"_links":{"self":[{"href":"https:\/\/senniaf.gob.pa\/index.php?rest_route=\/wp\/v2\/posts\/18455","targetHints":{"allow":["GET"]}}],"collection":[{"href":"https:\/\/senniaf.gob.pa\/index.php?rest_route=\/wp\/v2\/posts"}],"about":[{"href":"https:\/\/senniaf.gob.pa\/index.php?rest_route=\/wp\/v2\/types\/post"}],"author":[{"embeddable":true,"href":"https:\/\/senniaf.gob.pa\/index.php?rest_route=\/wp\/v2\/users\/6"}],"replies":[{"embeddable":true,"href":"https:\/\/senniaf.gob.pa\/index.php?rest_route=%2Fwp%2Fv2%2Fcomments&post=18455"}],"version-history":[{"count":1,"href":"https:\/\/senniaf.gob.pa\/index.php?rest_route=\/wp\/v2\/posts\/18455\/revisions"}],"predecessor-version":[{"id":18456,"href":"https:\/\/senniaf.gob.pa\/index.php?rest_route=\/wp\/v2\/posts\/18455\/revisions\/18456"}],"wp:attachment":[{"href":"https:\/\/senniaf.gob.pa\/index.php?rest_route=%2Fwp%2Fv2%2Fmedia&parent=18455"}],"wp:term":[{"taxonomy":"category","embeddable":true,"href":"https:\/\/senniaf.gob.pa\/index.php?rest_route=%2Fwp%2Fv2%2Fcategories&post=18455"},{"taxonomy":"post_tag","embeddable":true,"href":"https:\/\/senniaf.gob.pa\/index.php?rest_route=%2Fwp%2Fv2%2Ftags&post=18455"}],"curies":[{"name":"wp","href":"https:\/\/api.w.org\/{rel}","templated":true}]}}