{"id":18556,"date":"2021-11-11T21:28:38","date_gmt":"2021-11-11T21:28:38","guid":{"rendered":"https:\/\/senniaf.gob.pa\/?p=18556"},"modified":"2021-11-22T19:39:36","modified_gmt":"2021-11-22T19:39:36","slug":"senniaf-abre-oficina-regional-en-san-miguelito","status":"publish","type":"post","link":"https:\/\/senniaf.gob.pa\/?p=18556","title":{"rendered":"SENNIAF ABRE OFICINA REGIONAL EN SAN MIGUELITO"},"content":{"rendered":"<p>El Distrito de San Miguelito hist\u00f3ricamente considerado un sector con gente trabajadora, emprendedora y luchadora que no es ajena a los retos y dificultades que afectan al desarrollo integral de nuestros NNA y debilitan la estructura de la Familia.<\/p>\n<p>Al ser un sector con una poblaci\u00f3n tan grande (el segundo del pa\u00eds en densidad) es vital restablecer la atenci\u00f3n y activar la presencia e implementaci\u00f3n de acciones concretas que impacten a la ni\u00f1ez, especialmente en salvaguardar los derechos de los ni\u00f1os, ni\u00f1as y adolescentes de este distrito con una atenci\u00f3n expedita, directa y especializada para toda esta poblaci\u00f3n.<\/p>\n<p>Al reaperturar la sede de la Regional de San Miguelito la Secretaria Nacional de Ni\u00f1ez, Adolescencia y Familia, como uno de los actores y regentes en velar por los derechos de los NNA, invita a todas las comunidades, sociedad civil, ONGs y autoridades del gobierno local y central, a seguir uniendo fuerzas por un objetivo com\u00fan: fortalecer las familias, protegerlas y brindarles herramientas a las mismas, que es lo que se busca con esta sede. Brindando un servicio de calidad, expedito y con gran sensibilidad humana a toda la poblaci\u00f3n del distrito.<\/p>\n<p>\u201cUn Distrito din\u00e1mico y productivo, con necesidades puntuales como lo es San Miguelito merece una planificaci\u00f3n estrat\u00e9gica definida por objetivos claros y medibles a su realidad, con profesionales id\u00f3neos dispuestos a incidir en el campo de acci\u00f3n buscando principalmente detectar y aplicar acciones directas a la familias del distrito que no cuentan con esas herramientas para poder desarrollarse integralmente, siendo as\u00ed la Prevenci\u00f3n la herramienta principal para que nuestros NNA se coloquen en situaci\u00f3n de riesgo y que no sea una necesidad colocarlos con alguna medida de protecci\u00f3n\u201d mencion\u00f3 la Directora General de la Senniaf Graciela Mauad.<\/p>\n<p>En este sencillo pero significativo acto se tuvo el benepl\u00e1cito de contar con la presencia de su Excelencia la Sra Mar\u00eda In\u00e9s Castillo Ministra de Desarrollo Social y Autoridades del Distrito.<\/p>\n<p>Los servicios que estar\u00e1 brindando la regional est\u00e1n enmarcados en los programas tanto de prevenci\u00f3n, fortalecimiento, atenci\u00f3n y protecci\u00f3n a NNA y la familia de San Miguelito con personal capacitado en \u00e1reas de Psicolog\u00eda General y Cl\u00ednica, Trabajo Social, asesor\u00eda legal en temas de derechos y protecci\u00f3n de ni\u00f1os, ni\u00f1as, adolescentes haciendo \u00e9nfasis en la prevenci\u00f3n en la familia.<\/p>\n<p>Las oficinas y centro regional se encuentra ubicada en el corregimiento de Belisario Porras, comunidad de Veranillo, Sector de la 32.<br \/>\nCon un horario de atenci\u00f3n de lunes a viernes de 8.30 am a 4.30 pm.<br \/>\nPodr\u00e1n llamar al tel\u00e9fono:<\/p>\n<p>Lic. Juan Castillo \/ Coordinador.<\/p>\n<p>6673-8328<\/p>\n<p>SENNIAF una acci\u00f3n oportuna puede cambiar vidas!!!<br \/>\n11 de noviembre de 2021.<\/p>\n","protected":false},"excerpt":{"rendered":"<p>El Distrito de San Miguelito hist\u00f3ricamente considerado un sector con gente trabajadora, emprendedora y luchadora que no es ajena a los retos y dificultades que afectan al desarrollo integral de nuestros NNA y debilitan la estructura de la Familia. Al ser un sector con una poblaci\u00f3n tan grande (el segundo del pa\u00eds en densidad) es [&hellip;]<\/p>\n","protected":false},"author":6,"featured_media":18558,"comment_status":"open","ping_status":"open","sticky":false,"template":"","format":"standard","meta":{"_exactmetrics_skip_tracking":false,"_exactmetrics_sitenote_active":false,"_exactmetrics_sitenote_note":"","_exactmetrics_sitenote_category":0,"_monsterinsights_skip_tracking":false,"_monsterinsights_sitenote_active":false,"_monsterinsights_sitenote_note":"","_monsterinsights_sitenote_category":0,"footnotes":""},"categories":[40,6,9,8],"tags":[],"class_list":["post-18556","post","type-post","status-publish","format-standard","has-post-thumbnail","hentry","category-notas-de-prensa","category-noticias","category-noticias-recientes","category-todas-las-noticias"],"aioseo_notices":[],"_links":{"self":[{"href":"https:\/\/senniaf.gob.pa\/index.php?rest_route=\/wp\/v2\/posts\/18556","targetHints":{"allow":["GET"]}}],"collection":[{"href":"https:\/\/senniaf.gob.pa\/index.php?rest_route=\/wp\/v2\/posts"}],"about":[{"href":"https:\/\/senniaf.gob.pa\/index.php?rest_route=\/wp\/v2\/types\/post"}],"author":[{"embeddable":true,"href":"https:\/\/senniaf.gob.pa\/index.php?rest_route=\/wp\/v2\/users\/6"}],"replies":[{"embeddable":true,"href":"https:\/\/senniaf.gob.pa\/index.php?rest_route=%2Fwp%2Fv2%2Fcomments&post=18556"}],"version-history":[{"count":4,"href":"https:\/\/senniaf.gob.pa\/index.php?rest_route=\/wp\/v2\/posts\/18556\/revisions"}],"predecessor-version":[{"id":18592,"href":"https:\/\/senniaf.gob.pa\/index.php?rest_route=\/wp\/v2\/posts\/18556\/revisions\/18592"}],"wp:featuredmedia":[{"embeddable":true,"href":"https:\/\/senniaf.gob.pa\/index.php?rest_route=\/wp\/v2\/media\/18558"}],"wp:attachment":[{"href":"https:\/\/senniaf.gob.pa\/index.php?rest_route=%2Fwp%2Fv2%2Fmedia&parent=18556"}],"wp:term":[{"taxonomy":"category","embeddable":true,"href":"https:\/\/senniaf.gob.pa\/index.php?rest_route=%2Fwp%2Fv2%2Fcategories&post=18556"},{"taxonomy":"post_tag","embeddable":true,"href":"https:\/\/senniaf.gob.pa\/index.php?rest_route=%2Fwp%2Fv2%2Ftags&post=18556"}],"curies":[{"name":"wp","href":"https:\/\/api.w.org\/{rel}","templated":true}]}}